{"id":34876,"date":"2023-03-25T19:08:07","date_gmt":"2023-03-25T18:08:07","guid":{"rendered":"https:\/\/coueron-st-symphorien.fr\/?p=34876"},"modified":"2023-03-25T19:14:04","modified_gmt":"2023-03-25T18:14:04","slug":"je-suis-tu-es-nous-sommes-des-artistes","status":"publish","type":"post","link":"https:\/\/coueron-st-symphorien.fr\/?p=34876","title":{"rendered":"Je suis, tu es, nous sommes des artistes&#8230;"},"content":{"rendered":"<p>Cette Semaine Art et culture a mis \u00e0 l&rsquo;honneur la musique, le cin\u00e9ma et les arts visuels dans la classe.<\/p>\n<p>Nous avons tout d&rsquo;abord eu la chance d&rsquo;assister \u00e0 une audition de quelques \u00e9l\u00e8ves musiciens de Cm1 et Cm2. Au programme : piano, guitare classique, fl\u00fbte traversi\u00e8re et kalimba. Quelle chance! Merci \u00e0 eux!<\/p>\n<p>Puis, nous avons visionn\u00e9 quelques dessins anim\u00e9s de la programmation du Festival du court-m\u00e9trage en mangeant quelques popcorns.<\/p>\n<p>Ensuite, nous avons d\u00e9couvert la c\u00e9l\u00e8bre oeuvre <em>Le carnaval des animaux<\/em> de Camille de Saint-Sa\u00ebns.<\/p>\n<p>Enfin, nous avons observ\u00e9 des livres d&rsquo;art, jou\u00e9 avec les oeuvres et cr\u00e9\u00e9 des animaux marins \u00e0 partir de bouteilles en plastique.<\/p>\n<p>Cette fabuleuse semaine s&rsquo;est cl\u00f4tur\u00e9e par la visite de l&rsquo;exposition de l&rsquo;\u00e9cole !<\/p>\nngg_shortcode_0_placeholder\n","protected":false},"excerpt":{"rendered":"<p>Cette Semaine Art et culture a mis \u00e0 l&rsquo;honneur la musique, le cin\u00e9ma et les arts visuels dans la classe. Nous avons tout d&rsquo;abord eu la chance d&rsquo;assister \u00e0 une audition de quelques \u00e9l\u00e8ves musiciens de Cm1 et Cm2. Au programme : piano, guitare classique, fl\u00fbte traversi\u00e8re et kalimba. Quelle chance! Merci \u00e0 eux! Puis,<\/p>\n<p><a href=\"https:\/\/coueron-st-symphorien.fr\/?p=34876\" class=\"more-link themebutton\">Lire la suite<\/a><\/p>\n","protected":false},"author":19,"featured_media":0,"comment_status":"closed","ping_status":"closed","sticky":false,"template":"","format":"standard","meta":{"ngg_post_thumbnail":0,"footnotes":""},"categories":[75,1],"tags":[],"_links":{"self":[{"href":"https:\/\/coueron-st-symphorien.fr\/index.php?rest_route=\/wp\/v2\/posts\/34876"}],"collection":[{"href":"https:\/\/coueron-st-symphorien.fr\/index.php?rest_route=\/wp\/v2\/posts"}],"about":[{"href":"https:\/\/coueron-st-symphorien.fr\/index.php?rest_route=\/wp\/v2\/types\/post"}],"author":[{"embeddable":true,"href":"https:\/\/coueron-st-symphorien.fr\/index.php?rest_route=\/wp\/v2\/users\/19"}],"replies":[{"embeddable":true,"href":"https:\/\/coueron-st-symphorien.fr\/index.php?rest_route=%2Fwp%2Fv2%2Fcomments&post=34876"}],"version-history":[{"count":4,"href":"https:\/\/coueron-st-symphorien.fr\/index.php?rest_route=\/wp\/v2\/posts\/34876\/revisions"}],"predecessor-version":[{"id":34880,"href":"https:\/\/coueron-st-symphorien.fr\/index.php?rest_route=\/wp\/v2\/posts\/34876\/revisions\/34880"}],"wp:attachment":[{"href":"https:\/\/coueron-st-symphorien.fr\/index.php?rest_route=%2Fwp%2Fv2%2Fmedia&parent=34876"}],"wp:term":[{"taxonomy":"category","embeddable":true,"href":"https:\/\/coueron-st-symphorien.fr\/index.php?rest_route=%2Fwp%2Fv2%2Fcategories&post=34876"},{"taxonomy":"post_tag","embeddable":true,"href":"https:\/\/coueron-st-symphorien.fr\/index.php?rest_route=%2Fwp%2Fv2%2Ftags&post=34876"}],"curies":[{"name":"wp","href":"https:\/\/api.w.org\/{rel}","templated":true}]}}