{"id":34746,"date":"2023-03-25T19:17:47","date_gmt":"2023-03-25T18:17:47","guid":{"rendered":"https:\/\/coueron-st-symphorien.fr\/?p=34746"},"modified":"2023-03-25T19:17:47","modified_gmt":"2023-03-25T18:17:47","slug":"place-a-lexposition","status":"publish","type":"post","link":"https:\/\/coueron-st-symphorien.fr\/?p=34746","title":{"rendered":"Place \u00e0 l&rsquo;exposition !"},"content":{"rendered":"<p style=\"text-align: center\">Cette Semaine \u00ab\u00a0Art et culture\u00a0\u00bb \u00e0 l&rsquo;\u00e9cole s&rsquo;est cl\u00f4tur\u00e9e par l&rsquo;exposition des oeuvres des \u00e9l\u00e8ves, qui ont mis les animaux \u00e0 l&rsquo;honneur cette ann\u00e9e.<\/p>\n<p style=\"text-align: center\">Apr\u00e8s une visite par classe, les \u00e9l\u00e8ves ont convi\u00e9 leurs proches en fin de journ\u00e9e pour le vernissage ! Les familles sont venues nombreuses d\u00e9ambuler dans le parcours artistique, invitation au voyage, des mondes marins aux mondes imaginaires, en passant par la for\u00eat, la jungle et la savane.<\/p>\n<p style=\"text-align: center\">Un enchantement pour petits et grands !<\/p>\nngg_shortcode_0_placeholder\n","protected":false},"excerpt":{"rendered":"<p>Cette Semaine \u00ab\u00a0Art et culture\u00a0\u00bb \u00e0 l&rsquo;\u00e9cole s&rsquo;est cl\u00f4tur\u00e9e par l&rsquo;exposition des oeuvres des \u00e9l\u00e8ves, qui ont mis les animaux \u00e0 l&rsquo;honneur cette ann\u00e9e. Apr\u00e8s une visite par classe, les \u00e9l\u00e8ves ont convi\u00e9 leurs proches en fin de journ\u00e9e pour le vernissage ! Les familles sont venues nombreuses d\u00e9ambuler dans le parcours artistique, invitation au<\/p>\n<p><a href=\"https:\/\/coueron-st-symphorien.fr\/?p=34746\" class=\"more-link themebutton\">Lire la suite<\/a><\/p>\n","protected":false},"author":19,"featured_media":0,"comment_status":"closed","ping_status":"closed","sticky":false,"template":"","format":"standard","meta":{"ngg_post_thumbnail":0,"footnotes":""},"categories":[17,18,19,21,20,22,16,15,14,13,75,12,11],"tags":[],"_links":{"self":[{"href":"https:\/\/coueron-st-symphorien.fr\/index.php?rest_route=\/wp\/v2\/posts\/34746"}],"collection":[{"href":"https:\/\/coueron-st-symphorien.fr\/index.php?rest_route=\/wp\/v2\/posts"}],"about":[{"href":"https:\/\/coueron-st-symphorien.fr\/index.php?rest_route=\/wp\/v2\/types\/post"}],"author":[{"embeddable":true,"href":"https:\/\/coueron-st-symphorien.fr\/index.php?rest_route=\/wp\/v2\/users\/19"}],"replies":[{"embeddable":true,"href":"https:\/\/coueron-st-symphorien.fr\/index.php?rest_route=%2Fwp%2Fv2%2Fcomments&post=34746"}],"version-history":[{"count":2,"href":"https:\/\/coueron-st-symphorien.fr\/index.php?rest_route=\/wp\/v2\/posts\/34746\/revisions"}],"predecessor-version":[{"id":34875,"href":"https:\/\/coueron-st-symphorien.fr\/index.php?rest_route=\/wp\/v2\/posts\/34746\/revisions\/34875"}],"wp:attachment":[{"href":"https:\/\/coueron-st-symphorien.fr\/index.php?rest_route=%2Fwp%2Fv2%2Fmedia&parent=34746"}],"wp:term":[{"taxonomy":"category","embeddable":true,"href":"https:\/\/coueron-st-symphorien.fr\/index.php?rest_route=%2Fwp%2Fv2%2Fcategories&post=34746"},{"taxonomy":"post_tag","embeddable":true,"href":"https:\/\/coueron-st-symphorien.fr\/index.php?rest_route=%2Fwp%2Fv2%2Ftags&post=34746"}],"curies":[{"name":"wp","href":"https:\/\/api.w.org\/{rel}","templated":true}]}}