{"id":34726,"date":"2023-03-23T11:23:32","date_gmt":"2023-03-23T10:23:32","guid":{"rendered":"https:\/\/coueron-st-symphorien.fr\/?p=34726"},"modified":"2023-03-23T15:30:14","modified_gmt":"2023-03-23T14:30:14","slug":"des-musiciens-en-herbe","status":"publish","type":"post","link":"https:\/\/coueron-st-symphorien.fr\/?p=34726","title":{"rendered":"Des musiciens en herbe!"},"content":{"rendered":"<p>Mardi 21 mars, dans le cadre de la \u00ab\u00a0semaine art et culture\u00a0\u00bb, nous avons eu le plaisir d&rsquo;\u00e9couter des musiciens. Marion et Mathilde \u00e0 la harpe, Cl\u00e9mence et El\u00e9anor au piano et Alex \u00e0 la guitare.<\/p>\n<p>Quel beau concert! Merci \u00e0 eux!<\/p>\n<div style=\"width: 1170px;\" class=\"wp-video\"><!--[if lt IE 9]><script>document.createElement('video');<\/script><![endif]-->\n<video class=\"wp-video-shortcode\" id=\"video-34726-1\" width=\"1170\" height=\"658\" preload=\"metadata\" controls=\"controls\"><source type=\"video\/mp4\" src=\"https:\/\/coueron-st-symphorien.fr\/wp-content\/uploads\/2023\/03\/VID_20230321_152517.mp4?_=1\" \/><a href=\"https:\/\/coueron-st-symphorien.fr\/wp-content\/uploads\/2023\/03\/VID_20230321_152517.mp4\">https:\/\/coueron-st-symphorien.fr\/wp-content\/uploads\/2023\/03\/VID_20230321_152517.mp4<\/a><\/video><\/div>\n<div style=\"width: 1170px;\" class=\"wp-video\"><video class=\"wp-video-shortcode\" id=\"video-34726-2\" width=\"1170\" height=\"658\" preload=\"metadata\" controls=\"controls\"><source type=\"video\/mp4\" src=\"https:\/\/coueron-st-symphorien.fr\/wp-content\/uploads\/2023\/03\/VID_20230321_154853.mp4?_=2\" \/><a href=\"https:\/\/coueron-st-symphorien.fr\/wp-content\/uploads\/2023\/03\/VID_20230321_154853.mp4\">https:\/\/coueron-st-symphorien.fr\/wp-content\/uploads\/2023\/03\/VID_20230321_154853.mp4<\/a><\/video><\/div>\n<div style=\"width: 1170px;\" class=\"wp-video\"><video class=\"wp-video-shortcode\" id=\"video-34726-3\" width=\"1170\" height=\"658\" preload=\"metadata\" controls=\"controls\"><source type=\"video\/mp4\" src=\"https:\/\/coueron-st-symphorien.fr\/wp-content\/uploads\/2023\/03\/VID_20230321_154638.mp4?_=3\" \/><a href=\"https:\/\/coueron-st-symphorien.fr\/wp-content\/uploads\/2023\/03\/VID_20230321_154638.mp4\">https:\/\/coueron-st-symphorien.fr\/wp-content\/uploads\/2023\/03\/VID_20230321_154638.mp4<\/a><\/video><\/div>\n<div style=\"width: 1170px;\" class=\"wp-video\"><video class=\"wp-video-shortcode\" id=\"video-34726-4\" width=\"1170\" height=\"658\" preload=\"metadata\" controls=\"controls\"><source type=\"video\/mp4\" src=\"https:\/\/coueron-st-symphorien.fr\/wp-content\/uploads\/2023\/03\/VID_20230321_152610.mp4?_=4\" \/><a href=\"https:\/\/coueron-st-symphorien.fr\/wp-content\/uploads\/2023\/03\/VID_20230321_152610.mp4\">https:\/\/coueron-st-symphorien.fr\/wp-content\/uploads\/2023\/03\/VID_20230321_152610.mp4<\/a><\/video><\/div>\n<div style=\"width: 1170px;\" class=\"wp-video\"><video class=\"wp-video-shortcode\" id=\"video-34726-5\" width=\"1170\" height=\"658\" preload=\"metadata\" controls=\"controls\"><source type=\"video\/mp4\" src=\"https:\/\/coueron-st-symphorien.fr\/wp-content\/uploads\/2023\/03\/VID_20230321_151834.mp4?_=5\" \/><a href=\"https:\/\/coueron-st-symphorien.fr\/wp-content\/uploads\/2023\/03\/VID_20230321_151834.mp4\">https:\/\/coueron-st-symphorien.fr\/wp-content\/uploads\/2023\/03\/VID_20230321_151834.mp4<\/a><\/video><\/div>\n<div style=\"width: 1170px;\" class=\"wp-video\"><video class=\"wp-video-shortcode\" id=\"video-34726-6\" width=\"1170\" height=\"658\" preload=\"metadata\" controls=\"controls\"><source type=\"video\/mp4\" src=\"https:\/\/coueron-st-symphorien.fr\/wp-content\/uploads\/2023\/03\/VID_20230321_151515.mp4?_=6\" \/><a href=\"https:\/\/coueron-st-symphorien.fr\/wp-content\/uploads\/2023\/03\/VID_20230321_151515.mp4\">https:\/\/coueron-st-symphorien.fr\/wp-content\/uploads\/2023\/03\/VID_20230321_151515.mp4<\/a><\/video><\/div>\n","protected":false},"excerpt":{"rendered":"<p>Mardi 21 mars, dans le cadre de la \u00ab\u00a0semaine art et culture\u00a0\u00bb, nous avons eu le plaisir d&rsquo;\u00e9couter des musiciens. Marion et Mathilde \u00e0 la harpe, Cl\u00e9mence et El\u00e9anor au piano et Alex \u00e0 la guitare. Quel beau concert! Merci \u00e0 eux!<\/p>\n","protected":false},"author":14,"featured_media":0,"comment_status":"closed","ping_status":"closed","sticky":false,"template":"","format":"standard","meta":{"ngg_post_thumbnail":0,"footnotes":""},"categories":[17],"tags":[],"_links":{"self":[{"href":"https:\/\/coueron-st-symphorien.fr\/index.php?rest_route=\/wp\/v2\/posts\/34726"}],"collection":[{"href":"https:\/\/coueron-st-symphorien.fr\/index.php?rest_route=\/wp\/v2\/posts"}],"about":[{"href":"https:\/\/coueron-st-symphorien.fr\/index.php?rest_route=\/wp\/v2\/types\/post"}],"author":[{"embeddable":true,"href":"https:\/\/coueron-st-symphorien.fr\/index.php?rest_route=\/wp\/v2\/users\/14"}],"replies":[{"embeddable":true,"href":"https:\/\/coueron-st-symphorien.fr\/index.php?rest_route=%2Fwp%2Fv2%2Fcomments&post=34726"}],"version-history":[{"count":2,"href":"https:\/\/coueron-st-symphorien.fr\/index.php?rest_route=\/wp\/v2\/posts\/34726\/revisions"}],"predecessor-version":[{"id":34744,"href":"https:\/\/coueron-st-symphorien.fr\/index.php?rest_route=\/wp\/v2\/posts\/34726\/revisions\/34744"}],"wp:attachment":[{"href":"https:\/\/coueron-st-symphorien.fr\/index.php?rest_route=%2Fwp%2Fv2%2Fmedia&parent=34726"}],"wp:term":[{"taxonomy":"category","embeddable":true,"href":"https:\/\/coueron-st-symphorien.fr\/index.php?rest_route=%2Fwp%2Fv2%2Fcategories&post=34726"},{"taxonomy":"post_tag","embeddable":true,"href":"https:\/\/coueron-st-symphorien.fr\/index.php?rest_route=%2Fwp%2Fv2%2Ftags&post=34726"}],"curies":[{"name":"wp","href":"https:\/\/api.w.org\/{rel}","templated":true}]}}