{"id":34707,"date":"2023-02-13T10:25:47","date_gmt":"2023-02-13T09:25:47","guid":{"rendered":"https:\/\/coueron-st-symphorien.fr\/?p=34707"},"modified":"2023-02-13T10:25:47","modified_gmt":"2023-02-13T09:25:47","slug":"atelier-multi-age-en-cycle-2","status":"publish","type":"post","link":"https:\/\/coueron-st-symphorien.fr\/?p=34707","title":{"rendered":"Atelier multi-\u00e2ge en Cycle 2"},"content":{"rendered":"<p>Mercredi 8 f\u00e9vrier, les \u00e9l\u00e8ves de Cycle 2 ont particip\u00e9 \u00e0 des ateliers multi-\u00e2ges. 5 groupes ont \u00e9t\u00e9 constitu\u00e9s avec dans chacun d&rsquo;entre eux des enfants de CP, CE1 et CE2. 5 activit\u00e9s diff\u00e9rentes ont \u00e9t\u00e9 propos\u00e9es dans diff\u00e9rents domaines: arts, productions d&rsquo;\u00e9crits, lecture, informatique. 4 autres dates sont d\u00e9j\u00e0 fix\u00e9es pour que les enfants puissent participer aux autres ateliers.<\/p>\nngg_shortcode_0_placeholder\n","protected":false},"excerpt":{"rendered":"<p>Mercredi 8 f\u00e9vrier, les \u00e9l\u00e8ves de Cycle 2 ont particip\u00e9 \u00e0 des ateliers multi-\u00e2ges. 5 groupes ont \u00e9t\u00e9 constitu\u00e9s avec dans chacun d&rsquo;entre eux des enfants de CP, CE1 et CE2. 5 activit\u00e9s diff\u00e9rentes ont \u00e9t\u00e9 propos\u00e9es dans diff\u00e9rents domaines: arts, productions d&rsquo;\u00e9crits, lecture, informatique. 4 autres dates sont d\u00e9j\u00e0 fix\u00e9es pour que les enfants<\/p>\n<p><a href=\"https:\/\/coueron-st-symphorien.fr\/?p=34707\" class=\"more-link themebutton\">Lire la suite<\/a><\/p>\n","protected":false},"author":5,"featured_media":0,"comment_status":"closed","ping_status":"closed","sticky":false,"template":"","format":"standard","meta":{"ngg_post_thumbnail":0,"footnotes":""},"categories":[17,18,19,16,15],"tags":[],"_links":{"self":[{"href":"https:\/\/coueron-st-symphorien.fr\/index.php?rest_route=\/wp\/v2\/posts\/34707"}],"collection":[{"href":"https:\/\/coueron-st-symphorien.fr\/index.php?rest_route=\/wp\/v2\/posts"}],"about":[{"href":"https:\/\/coueron-st-symphorien.fr\/index.php?rest_route=\/wp\/v2\/types\/post"}],"author":[{"embeddable":true,"href":"https:\/\/coueron-st-symphorien.fr\/index.php?rest_route=\/wp\/v2\/users\/5"}],"replies":[{"embeddable":true,"href":"https:\/\/coueron-st-symphorien.fr\/index.php?rest_route=%2Fwp%2Fv2%2Fcomments&post=34707"}],"version-history":[{"count":1,"href":"https:\/\/coueron-st-symphorien.fr\/index.php?rest_route=\/wp\/v2\/posts\/34707\/revisions"}],"predecessor-version":[{"id":34708,"href":"https:\/\/coueron-st-symphorien.fr\/index.php?rest_route=\/wp\/v2\/posts\/34707\/revisions\/34708"}],"wp:attachment":[{"href":"https:\/\/coueron-st-symphorien.fr\/index.php?rest_route=%2Fwp%2Fv2%2Fmedia&parent=34707"}],"wp:term":[{"taxonomy":"category","embeddable":true,"href":"https:\/\/coueron-st-symphorien.fr\/index.php?rest_route=%2Fwp%2Fv2%2Fcategories&post=34707"},{"taxonomy":"post_tag","embeddable":true,"href":"https:\/\/coueron-st-symphorien.fr\/index.php?rest_route=%2Fwp%2Fv2%2Ftags&post=34707"}],"curies":[{"name":"wp","href":"https:\/\/api.w.org\/{rel}","templated":true}]}}