{"id":34498,"date":"2023-01-25T16:17:53","date_gmt":"2023-01-25T15:17:53","guid":{"rendered":"https:\/\/coueron-st-symphorien.fr\/?p=34498"},"modified":"2023-01-25T21:09:36","modified_gmt":"2023-01-25T20:09:36","slug":"les-ce2-lisent-aux-maternelles","status":"publish","type":"post","link":"https:\/\/coueron-st-symphorien.fr\/?p=34498","title":{"rendered":"Les CE2 lisent aux maternelles"},"content":{"rendered":"<p>En janvier, c&rsquo;est au tour des CE2 d&rsquo;aller lire aux enfants de maternelle.<\/p>\n<p>Avec s\u00e9rieux, les \u00ab\u00a0grands\u00a0\u00bb se sont entrain\u00e9s \u00e0 lire le livre \u00e0 voix haute et ont pr\u00e9par\u00e9 des questions.<\/p>\n<p>Ils ont h\u00e2te de recommencer l&rsquo;ann\u00e9e prochaine!<\/p>\nngg_shortcode_0_placeholder\n","protected":false},"excerpt":{"rendered":"<p>En janvier, c&rsquo;est au tour des CE2 d&rsquo;aller lire aux enfants de maternelle. Avec s\u00e9rieux, les \u00ab\u00a0grands\u00a0\u00bb se sont entrain\u00e9s \u00e0 lire le livre \u00e0 voix haute et ont pr\u00e9par\u00e9 des questions. Ils ont h\u00e2te de recommencer l&rsquo;ann\u00e9e prochaine!<\/p>\n","protected":false},"author":5,"featured_media":0,"comment_status":"closed","ping_status":"closed","sticky":false,"template":"","format":"standard","meta":{"ngg_post_thumbnail":0,"footnotes":""},"categories":[19,14,13,75,12,11],"tags":[],"_links":{"self":[{"href":"https:\/\/coueron-st-symphorien.fr\/index.php?rest_route=\/wp\/v2\/posts\/34498"}],"collection":[{"href":"https:\/\/coueron-st-symphorien.fr\/index.php?rest_route=\/wp\/v2\/posts"}],"about":[{"href":"https:\/\/coueron-st-symphorien.fr\/index.php?rest_route=\/wp\/v2\/types\/post"}],"author":[{"embeddable":true,"href":"https:\/\/coueron-st-symphorien.fr\/index.php?rest_route=\/wp\/v2\/users\/5"}],"replies":[{"embeddable":true,"href":"https:\/\/coueron-st-symphorien.fr\/index.php?rest_route=%2Fwp%2Fv2%2Fcomments&post=34498"}],"version-history":[{"count":2,"href":"https:\/\/coueron-st-symphorien.fr\/index.php?rest_route=\/wp\/v2\/posts\/34498\/revisions"}],"predecessor-version":[{"id":34545,"href":"https:\/\/coueron-st-symphorien.fr\/index.php?rest_route=\/wp\/v2\/posts\/34498\/revisions\/34545"}],"wp:attachment":[{"href":"https:\/\/coueron-st-symphorien.fr\/index.php?rest_route=%2Fwp%2Fv2%2Fmedia&parent=34498"}],"wp:term":[{"taxonomy":"category","embeddable":true,"href":"https:\/\/coueron-st-symphorien.fr\/index.php?rest_route=%2Fwp%2Fv2%2Fcategories&post=34498"},{"taxonomy":"post_tag","embeddable":true,"href":"https:\/\/coueron-st-symphorien.fr\/index.php?rest_route=%2Fwp%2Fv2%2Ftags&post=34498"}],"curies":[{"name":"wp","href":"https:\/\/api.w.org\/{rel}","templated":true}]}}