{"id":3442,"date":"2017-09-20T14:07:10","date_gmt":"2017-09-20T13:07:10","guid":{"rendered":"https:\/\/coueron-st-symphorien.fr\/?p=3442"},"modified":"2017-09-21T12:23:53","modified_gmt":"2017-09-21T11:23:53","slug":"la-fete-de-la-rentree-a-la-maternelle-que-demotions","status":"publish","type":"post","link":"https:\/\/coueron-st-symphorien.fr\/?p=3442","title":{"rendered":"La f\u00eate de la rentr\u00e9e \u00e0 la maternelle, que d&rsquo;\u00e9motions!"},"content":{"rendered":"<p>Vendredi 15 septembre, les \u00e9l\u00e8ves de l&rsquo;\u00e9cole maternelle se sont r\u00e9unis pour la f\u00eate de la rentr\u00e9e.<\/p>\n<p>Apr\u00e8s un chant collectif, les enseignantes ont pr\u00e9sent\u00e9 les nouveaux \u00e9l\u00e8ves dans chaque classe. Nous avons \u00e9galement souhait\u00e9 la bienvenue \u00e0 Camille (enseignante en PS le vendredi).<\/p>\n<p>Des enfants ont exprim\u00e9 leur \u00e9motion au moment de la rentr\u00e9e : la peur, l&rsquo;inqui\u00e9tude, la tristesse, la joie..<\/p>\n<p>Ainsi, chaque \u00e9l\u00e8ve avait dessin\u00e9 et colori\u00e9 un bonhomme dans sa classe. Des panneaux seront accroch\u00e9s sous le pr\u00e9au pour se souvenir de ce temps fort.<\/p>\n<p>Ensuite, toute l&rsquo;\u00e9cole a chant\u00e9 \u00ab\u00a0Si tu as de la joie au coeur &#8230;.. tape des mains\u00a0\u00bb<\/p>\n<p>Enfin, chaque \u00e9l\u00e8ve a rencontr\u00e9 son ange-gardien pour cette nouvelle ann\u00e9e scolaire. Que du bonheur!<\/p>\nngg_shortcode_0_placeholder\n","protected":false},"excerpt":{"rendered":"<p>Vendredi 15 septembre, les \u00e9l\u00e8ves de l&rsquo;\u00e9cole maternelle se sont r\u00e9unis pour la f\u00eate de la rentr\u00e9e. Apr\u00e8s un chant collectif, les enseignantes ont pr\u00e9sent\u00e9 les nouveaux \u00e9l\u00e8ves dans chaque classe. Nous avons \u00e9galement souhait\u00e9 la bienvenue \u00e0 Camille (enseignante en PS le vendredi). Des enfants ont exprim\u00e9 leur \u00e9motion au moment de la rentr\u00e9e<\/p>\n<p><a href=\"https:\/\/coueron-st-symphorien.fr\/?p=3442\" class=\"more-link themebutton\">Lire la suite<\/a><\/p>\n","protected":false},"author":3,"featured_media":0,"comment_status":"closed","ping_status":"closed","sticky":false,"template":"","format":"standard","meta":{"ngg_post_thumbnail":0,"footnotes":""},"categories":[14,13,12,11],"tags":[],"_links":{"self":[{"href":"https:\/\/coueron-st-symphorien.fr\/index.php?rest_route=\/wp\/v2\/posts\/3442"}],"collection":[{"href":"https:\/\/coueron-st-symphorien.fr\/index.php?rest_route=\/wp\/v2\/posts"}],"about":[{"href":"https:\/\/coueron-st-symphorien.fr\/index.php?rest_route=\/wp\/v2\/types\/post"}],"author":[{"embeddable":true,"href":"https:\/\/coueron-st-symphorien.fr\/index.php?rest_route=\/wp\/v2\/users\/3"}],"replies":[{"embeddable":true,"href":"https:\/\/coueron-st-symphorien.fr\/index.php?rest_route=%2Fwp%2Fv2%2Fcomments&post=3442"}],"version-history":[{"count":7,"href":"https:\/\/coueron-st-symphorien.fr\/index.php?rest_route=\/wp\/v2\/posts\/3442\/revisions"}],"predecessor-version":[{"id":3501,"href":"https:\/\/coueron-st-symphorien.fr\/index.php?rest_route=\/wp\/v2\/posts\/3442\/revisions\/3501"}],"wp:attachment":[{"href":"https:\/\/coueron-st-symphorien.fr\/index.php?rest_route=%2Fwp%2Fv2%2Fmedia&parent=3442"}],"wp:term":[{"taxonomy":"category","embeddable":true,"href":"https:\/\/coueron-st-symphorien.fr\/index.php?rest_route=%2Fwp%2Fv2%2Fcategories&post=3442"},{"taxonomy":"post_tag","embeddable":true,"href":"https:\/\/coueron-st-symphorien.fr\/index.php?rest_route=%2Fwp%2Fv2%2Ftags&post=3442"}],"curies":[{"name":"wp","href":"https:\/\/api.w.org\/{rel}","templated":true}]}}