{"id":34407,"date":"2022-09-21T17:30:16","date_gmt":"2022-09-21T16:30:16","guid":{"rendered":"https:\/\/coueron-st-symphorien.fr\/?p=34407"},"modified":"2023-01-06T17:39:04","modified_gmt":"2023-01-06T16:39:04","slug":"un-jardin-en-ebullition","status":"publish","type":"post","link":"https:\/\/coueron-st-symphorien.fr\/?p=34407","title":{"rendered":"Un jardin en \u00e9bullition"},"content":{"rendered":"<p>La remise officielle des clefs du jardin s&rsquo;est d\u00e9roul\u00e9e d\u00e8s septembre en pr\u00e9sence des classes de CP et de CE1.<\/p>\n<p>Un moment de partage de savoirs par les CE1 et de transmission pour la p\u00e9rennisation du projet jardin pour les CP.<\/p>\n<div style=\"width: 1170px;\" class=\"wp-video\"><!--[if lt IE 9]><script>document.createElement('video');<\/script><![endif]-->\n<video class=\"wp-video-shortcode\" id=\"video-34407-1\" width=\"1170\" height=\"878\" preload=\"metadata\" controls=\"controls\"><source type=\"video\/mp4\" src=\"https:\/\/coueron-st-symphorien.fr\/wp-content\/uploads\/2023\/01\/YouCut_20230106_173856015.mp4?_=1\" \/><a href=\"https:\/\/coueron-st-symphorien.fr\/wp-content\/uploads\/2023\/01\/YouCut_20230106_173856015.mp4\">https:\/\/coueron-st-symphorien.fr\/wp-content\/uploads\/2023\/01\/YouCut_20230106_173856015.mp4<\/a><\/video><\/div>\n","protected":false},"excerpt":{"rendered":"<p>La remise officielle des clefs du jardin s&rsquo;est d\u00e9roul\u00e9e d\u00e8s septembre en pr\u00e9sence des classes de CP et de CE1. Un moment de partage de savoirs par les CE1 et de transmission pour la p\u00e9rennisation du projet jardin pour les CP.<\/p>\n","protected":false},"author":17,"featured_media":0,"comment_status":"closed","ping_status":"closed","sticky":false,"template":"","format":"standard","meta":{"ngg_post_thumbnail":0,"footnotes":""},"categories":[17,18,16,15],"tags":[],"_links":{"self":[{"href":"https:\/\/coueron-st-symphorien.fr\/index.php?rest_route=\/wp\/v2\/posts\/34407"}],"collection":[{"href":"https:\/\/coueron-st-symphorien.fr\/index.php?rest_route=\/wp\/v2\/posts"}],"about":[{"href":"https:\/\/coueron-st-symphorien.fr\/index.php?rest_route=\/wp\/v2\/types\/post"}],"author":[{"embeddable":true,"href":"https:\/\/coueron-st-symphorien.fr\/index.php?rest_route=\/wp\/v2\/users\/17"}],"replies":[{"embeddable":true,"href":"https:\/\/coueron-st-symphorien.fr\/index.php?rest_route=%2Fwp%2Fv2%2Fcomments&post=34407"}],"version-history":[{"count":1,"href":"https:\/\/coueron-st-symphorien.fr\/index.php?rest_route=\/wp\/v2\/posts\/34407\/revisions"}],"predecessor-version":[{"id":34409,"href":"https:\/\/coueron-st-symphorien.fr\/index.php?rest_route=\/wp\/v2\/posts\/34407\/revisions\/34409"}],"wp:attachment":[{"href":"https:\/\/coueron-st-symphorien.fr\/index.php?rest_route=%2Fwp%2Fv2%2Fmedia&parent=34407"}],"wp:term":[{"taxonomy":"category","embeddable":true,"href":"https:\/\/coueron-st-symphorien.fr\/index.php?rest_route=%2Fwp%2Fv2%2Fcategories&post=34407"},{"taxonomy":"post_tag","embeddable":true,"href":"https:\/\/coueron-st-symphorien.fr\/index.php?rest_route=%2Fwp%2Fv2%2Ftags&post=34407"}],"curies":[{"name":"wp","href":"https:\/\/api.w.org\/{rel}","templated":true}]}}