{"id":34313,"date":"2022-12-30T13:21:38","date_gmt":"2022-12-30T12:21:38","guid":{"rendered":"https:\/\/coueron-st-symphorien.fr\/?p=34313"},"modified":"2022-12-30T13:24:23","modified_gmt":"2022-12-30T12:24:23","slug":"avant-noel-on-a-bricole-entre-anges-gardiens","status":"publish","type":"post","link":"https:\/\/coueron-st-symphorien.fr\/?p=34313","title":{"rendered":"Avant No\u00ebl, on a bricol\u00e9 entre anges gardiens"},"content":{"rendered":"<p>Les \u00e9l\u00e8ves de CP d&rsquo;Aur\u00e9lie Lebert et les CM2 ont partag\u00e9 un beau moment autour d&rsquo;un bricolage de No\u00ebl le mardi 13 d\u00e9cembre.<\/p>\n<p>Pour tracer, d\u00e9couper, coller, d\u00e9corer, un peu d&rsquo;aide de la part des plus grands \u00e9tait la bienvenue. Chacun a fait part de cr\u00e9ativit\u00e9 pour cr\u00e9er une jolie \u00e9toile \u00e0 suspendre dans le sapin.<\/p>\n<p>Prochain rendez-vous<\/p>\n<p>ngg_shortcode_0_placeholderen janvier pour d\u00e9guster la traditionnelle galette des rois!<\/p>\n","protected":false},"excerpt":{"rendered":"<p>Les \u00e9l\u00e8ves de CP d&rsquo;Aur\u00e9lie Lebert et les CM2 ont partag\u00e9 un beau moment autour d&rsquo;un bricolage de No\u00ebl le mardi 13 d\u00e9cembre. Pour tracer, d\u00e9couper, coller, d\u00e9corer, un peu d&rsquo;aide de la part des plus grands \u00e9tait la bienvenue. Chacun a fait part de cr\u00e9ativit\u00e9 pour cr\u00e9er une jolie \u00e9toile \u00e0 suspendre dans le<\/p>\n<p><a href=\"https:\/\/coueron-st-symphorien.fr\/?p=34313\" class=\"more-link themebutton\">Lire la suite<\/a><\/p>\n","protected":false},"author":7,"featured_media":0,"comment_status":"closed","ping_status":"closed","sticky":false,"template":"","format":"standard","meta":{"ngg_post_thumbnail":0,"footnotes":""},"categories":[22,15],"tags":[],"_links":{"self":[{"href":"https:\/\/coueron-st-symphorien.fr\/index.php?rest_route=\/wp\/v2\/posts\/34313"}],"collection":[{"href":"https:\/\/coueron-st-symphorien.fr\/index.php?rest_route=\/wp\/v2\/posts"}],"about":[{"href":"https:\/\/coueron-st-symphorien.fr\/index.php?rest_route=\/wp\/v2\/types\/post"}],"author":[{"embeddable":true,"href":"https:\/\/coueron-st-symphorien.fr\/index.php?rest_route=\/wp\/v2\/users\/7"}],"replies":[{"embeddable":true,"href":"https:\/\/coueron-st-symphorien.fr\/index.php?rest_route=%2Fwp%2Fv2%2Fcomments&post=34313"}],"version-history":[{"count":2,"href":"https:\/\/coueron-st-symphorien.fr\/index.php?rest_route=\/wp\/v2\/posts\/34313\/revisions"}],"predecessor-version":[{"id":34315,"href":"https:\/\/coueron-st-symphorien.fr\/index.php?rest_route=\/wp\/v2\/posts\/34313\/revisions\/34315"}],"wp:attachment":[{"href":"https:\/\/coueron-st-symphorien.fr\/index.php?rest_route=%2Fwp%2Fv2%2Fmedia&parent=34313"}],"wp:term":[{"taxonomy":"category","embeddable":true,"href":"https:\/\/coueron-st-symphorien.fr\/index.php?rest_route=%2Fwp%2Fv2%2Fcategories&post=34313"},{"taxonomy":"post_tag","embeddable":true,"href":"https:\/\/coueron-st-symphorien.fr\/index.php?rest_route=%2Fwp%2Fv2%2Ftags&post=34313"}],"curies":[{"name":"wp","href":"https:\/\/api.w.org\/{rel}","templated":true}]}}