{"id":34294,"date":"2022-12-15T20:52:16","date_gmt":"2022-12-15T19:52:16","guid":{"rendered":"https:\/\/coueron-st-symphorien.fr\/?p=34294"},"modified":"2022-12-15T20:52:16","modified_gmt":"2022-12-15T19:52:16","slug":"la-celebration-de-noel","status":"publish","type":"post","link":"https:\/\/coueron-st-symphorien.fr\/?p=34294","title":{"rendered":"La c\u00e9l\u00e9bration de No\u00ebl"},"content":{"rendered":"<p style=\"text-align: center\"><em>Les \u00e9l\u00e8ves de maternelle et de Cp ont courageusement brav\u00e9s le froid ce matin direction l&rsquo;\u00e9glise de Cou\u00ebron o\u00f9 le pr\u00eatre Damien leur a cont\u00e9 l\u2019annonce faite \u00e0 Marie, la m\u00e8re de J\u00e9sus. <\/em><\/p>\n<p style=\"text-align: center\"><em>Chaque classe a annonc\u00e9 ensuite son intention en attendant le jour de No\u00ebl, accroch\u00e9 sa guirlande pr\u00e8s de la grande cr\u00e8che et chant\u00e9 \u00ab&nbsp;Voudrais-tu Marie&nbsp;?&nbsp;\u00bb.<\/em><\/p>\nngg_shortcode_0_placeholder\n","protected":false},"excerpt":{"rendered":"<p>Les \u00e9l\u00e8ves de maternelle et de Cp ont courageusement brav\u00e9s le froid ce matin direction l&rsquo;\u00e9glise de Cou\u00ebron o\u00f9 le pr\u00eatre Damien leur a cont\u00e9 l\u2019annonce faite \u00e0 Marie, la m\u00e8re de J\u00e9sus. Chaque classe a annonc\u00e9 ensuite son intention en attendant le jour de No\u00ebl, accroch\u00e9 sa guirlande pr\u00e8s de la grande cr\u00e8che et<\/p>\n<p><a href=\"https:\/\/coueron-st-symphorien.fr\/?p=34294\" class=\"more-link themebutton\">Lire la suite<\/a><\/p>\n","protected":false},"author":19,"featured_media":0,"comment_status":"closed","ping_status":"closed","sticky":false,"template":"","format":"standard","meta":{"ngg_post_thumbnail":0,"footnotes":""},"categories":[16,15,14,13,75,12,11],"tags":[],"_links":{"self":[{"href":"https:\/\/coueron-st-symphorien.fr\/index.php?rest_route=\/wp\/v2\/posts\/34294"}],"collection":[{"href":"https:\/\/coueron-st-symphorien.fr\/index.php?rest_route=\/wp\/v2\/posts"}],"about":[{"href":"https:\/\/coueron-st-symphorien.fr\/index.php?rest_route=\/wp\/v2\/types\/post"}],"author":[{"embeddable":true,"href":"https:\/\/coueron-st-symphorien.fr\/index.php?rest_route=\/wp\/v2\/users\/19"}],"replies":[{"embeddable":true,"href":"https:\/\/coueron-st-symphorien.fr\/index.php?rest_route=%2Fwp%2Fv2%2Fcomments&post=34294"}],"version-history":[{"count":1,"href":"https:\/\/coueron-st-symphorien.fr\/index.php?rest_route=\/wp\/v2\/posts\/34294\/revisions"}],"predecessor-version":[{"id":34295,"href":"https:\/\/coueron-st-symphorien.fr\/index.php?rest_route=\/wp\/v2\/posts\/34294\/revisions\/34295"}],"wp:attachment":[{"href":"https:\/\/coueron-st-symphorien.fr\/index.php?rest_route=%2Fwp%2Fv2%2Fmedia&parent=34294"}],"wp:term":[{"taxonomy":"category","embeddable":true,"href":"https:\/\/coueron-st-symphorien.fr\/index.php?rest_route=%2Fwp%2Fv2%2Fcategories&post=34294"},{"taxonomy":"post_tag","embeddable":true,"href":"https:\/\/coueron-st-symphorien.fr\/index.php?rest_route=%2Fwp%2Fv2%2Ftags&post=34294"}],"curies":[{"name":"wp","href":"https:\/\/api.w.org\/{rel}","templated":true}]}}