{"id":3397,"date":"2017-09-14T20:01:51","date_gmt":"2017-09-14T19:01:51","guid":{"rendered":"https:\/\/coueron-st-symphorien.fr\/?p=3397"},"modified":"2017-09-14T20:01:51","modified_gmt":"2017-09-14T19:01:51","slug":"fete-de-la-rentree-2017","status":"publish","type":"post","link":"https:\/\/coueron-st-symphorien.fr\/?p=3397","title":{"rendered":"F\u00eate de la rentr\u00e9e 2017 !"},"content":{"rendered":"<p>Toutes les classes de primaires se sont retrouv\u00e9es cette apr\u00e8s-midi pour f\u00eater la rentr\u00e9e ; un moment particuli\u00e8rement attendu par les petits et les grands !<\/p>\n<p>Apr\u00e8s le mot d&rsquo;accueil de Mr David, les classes sont venues se pr\u00e9senter une par une et nous avons ainsi pu d\u00e9couvrir et accueillir les nouveaux arrivants dans l&rsquo;\u00e9cole. Puis, les enfants ont \u00e9t\u00e9 \u00e0 la rencontre de leurs anges-gardiens et ont commenc\u00e9 \u00e0 les d\u00e9couvrir gr\u00e2ce aux pouces-pouces confectionn\u00e9s la semaine pr\u00e9c\u00e9dente.&nbsp;<\/p>\n<p>La f\u00eate s&rsquo;est termin\u00e9e dans la joie et la bonne humeur par la traditionnelle farandole et le go\u00fbter tant appr\u00e9ci\u00e9 !&nbsp;<\/p>\nngg_shortcode_0_placeholder\n","protected":false},"excerpt":{"rendered":"<p>Toutes les classes de primaires se sont retrouv\u00e9es cette apr\u00e8s-midi pour f\u00eater la rentr\u00e9e ; un moment particuli\u00e8rement attendu par les petits et les grands ! Apr\u00e8s le mot d&rsquo;accueil de Mr David, les classes sont venues se pr\u00e9senter une par une et nous avons ainsi pu d\u00e9couvrir et accueillir les nouveaux arrivants dans l&rsquo;\u00e9cole.<\/p>\n<p><a href=\"https:\/\/coueron-st-symphorien.fr\/?p=3397\" class=\"more-link themebutton\">Lire la suite<\/a><\/p>\n","protected":false},"author":3,"featured_media":0,"comment_status":"closed","ping_status":"closed","sticky":false,"template":"","format":"standard","meta":{"ngg_post_thumbnail":0,"footnotes":""},"categories":[17,18,19,21,20,22,16,15,1],"tags":[],"_links":{"self":[{"href":"https:\/\/coueron-st-symphorien.fr\/index.php?rest_route=\/wp\/v2\/posts\/3397"}],"collection":[{"href":"https:\/\/coueron-st-symphorien.fr\/index.php?rest_route=\/wp\/v2\/posts"}],"about":[{"href":"https:\/\/coueron-st-symphorien.fr\/index.php?rest_route=\/wp\/v2\/types\/post"}],"author":[{"embeddable":true,"href":"https:\/\/coueron-st-symphorien.fr\/index.php?rest_route=\/wp\/v2\/users\/3"}],"replies":[{"embeddable":true,"href":"https:\/\/coueron-st-symphorien.fr\/index.php?rest_route=%2Fwp%2Fv2%2Fcomments&post=3397"}],"version-history":[{"count":6,"href":"https:\/\/coueron-st-symphorien.fr\/index.php?rest_route=\/wp\/v2\/posts\/3397\/revisions"}],"predecessor-version":[{"id":3403,"href":"https:\/\/coueron-st-symphorien.fr\/index.php?rest_route=\/wp\/v2\/posts\/3397\/revisions\/3403"}],"wp:attachment":[{"href":"https:\/\/coueron-st-symphorien.fr\/index.php?rest_route=%2Fwp%2Fv2%2Fmedia&parent=3397"}],"wp:term":[{"taxonomy":"category","embeddable":true,"href":"https:\/\/coueron-st-symphorien.fr\/index.php?rest_route=%2Fwp%2Fv2%2Fcategories&post=3397"},{"taxonomy":"post_tag","embeddable":true,"href":"https:\/\/coueron-st-symphorien.fr\/index.php?rest_route=%2Fwp%2Fv2%2Ftags&post=3397"}],"curies":[{"name":"wp","href":"https:\/\/api.w.org\/{rel}","templated":true}]}}