{"id":33101,"date":"2022-10-19T12:52:57","date_gmt":"2022-10-19T11:52:57","guid":{"rendered":"https:\/\/coueron-st-symphorien.fr\/?p=33101"},"modified":"2022-10-19T12:52:57","modified_gmt":"2022-10-19T11:52:57","slug":"decouverte-du-projet-classe-decouverte-a-branfere","status":"publish","type":"post","link":"https:\/\/coueron-st-symphorien.fr\/?p=33101","title":{"rendered":"D\u00e9couverte du projet : classe d\u00e9couverte \u00e0 Branf\u00e9r\u00e9"},"content":{"rendered":"<p>Le mardi 27 septembre 2022, les \u00e9l\u00e8ves ont eu une surprise en rentrant dans la classe. Des indices \u00e9taient cach\u00e9s un peu partout. Ils se sont donc lanc\u00e9s \u00e0 leur recherche : animaux en plastique, bottes, valise, brosse \u00e0 dents, carte, une image de car, un calendrier, un message cod\u00e9 \u2026. Ensuite nous avons mis en commun tout ce qui avait \u00e9t\u00e9 d\u00e9couvert, nous avons reconstitu\u00e9 des puzzles, \u00e9lucid\u00e9 des \u00e9nigmes et avons d\u00e9couvert que nous allions partir en classe d\u00e9couverte.<\/p>\n<p>Un message cod\u00e9 nous donnait rendez-vous sur la cour \u00e0 11H30 pour connaitre le lieu de cette classe d\u00e9couverte : le bioparc de Branf\u00e9r\u00e9. Nous avons \u00e0 cette occasion d\u00e9couvert que nous partions avec tous les CP, CE1 et CE2 de l&rsquo;\u00e9cole.<\/p>\n<p>Nous sommes ravis, nous avons lanc\u00e9 le compte \u00e0 rebours dans la classe, et&#8230;nous avons tr\u00e8s h\u00e2te de partir !<\/p>\nngg_shortcode_0_placeholder\n","protected":false},"excerpt":{"rendered":"<p>Le mardi 27 septembre 2022, les \u00e9l\u00e8ves ont eu une surprise en rentrant dans la classe. Des indices \u00e9taient cach\u00e9s un peu partout. Ils se sont donc lanc\u00e9s \u00e0 leur recherche : animaux en plastique, bottes, valise, brosse \u00e0 dents, carte, une image de car, un calendrier, un message cod\u00e9 \u2026. Ensuite nous avons mis<\/p>\n<p><a href=\"https:\/\/coueron-st-symphorien.fr\/?p=33101\" class=\"more-link themebutton\">Lire la suite<\/a><\/p>\n","protected":false},"author":6,"featured_media":0,"comment_status":"closed","ping_status":"closed","sticky":false,"template":"","format":"standard","meta":{"ngg_post_thumbnail":0,"footnotes":""},"categories":[18],"tags":[],"_links":{"self":[{"href":"https:\/\/coueron-st-symphorien.fr\/index.php?rest_route=\/wp\/v2\/posts\/33101"}],"collection":[{"href":"https:\/\/coueron-st-symphorien.fr\/index.php?rest_route=\/wp\/v2\/posts"}],"about":[{"href":"https:\/\/coueron-st-symphorien.fr\/index.php?rest_route=\/wp\/v2\/types\/post"}],"author":[{"embeddable":true,"href":"https:\/\/coueron-st-symphorien.fr\/index.php?rest_route=\/wp\/v2\/users\/6"}],"replies":[{"embeddable":true,"href":"https:\/\/coueron-st-symphorien.fr\/index.php?rest_route=%2Fwp%2Fv2%2Fcomments&post=33101"}],"version-history":[{"count":2,"href":"https:\/\/coueron-st-symphorien.fr\/index.php?rest_route=\/wp\/v2\/posts\/33101\/revisions"}],"predecessor-version":[{"id":33106,"href":"https:\/\/coueron-st-symphorien.fr\/index.php?rest_route=\/wp\/v2\/posts\/33101\/revisions\/33106"}],"wp:attachment":[{"href":"https:\/\/coueron-st-symphorien.fr\/index.php?rest_route=%2Fwp%2Fv2%2Fmedia&parent=33101"}],"wp:term":[{"taxonomy":"category","embeddable":true,"href":"https:\/\/coueron-st-symphorien.fr\/index.php?rest_route=%2Fwp%2Fv2%2Fcategories&post=33101"},{"taxonomy":"post_tag","embeddable":true,"href":"https:\/\/coueron-st-symphorien.fr\/index.php?rest_route=%2Fwp%2Fv2%2Ftags&post=33101"}],"curies":[{"name":"wp","href":"https:\/\/api.w.org\/{rel}","templated":true}]}}