{"id":33077,"date":"2022-10-19T12:37:09","date_gmt":"2022-10-19T11:37:09","guid":{"rendered":"https:\/\/coueron-st-symphorien.fr\/?p=33077"},"modified":"2022-10-19T12:37:09","modified_gmt":"2022-10-19T11:37:09","slug":"election-des-delegues-ce1-ce2-2022-2023","status":"publish","type":"post","link":"https:\/\/coueron-st-symphorien.fr\/?p=33077","title":{"rendered":"Election des d\u00e9l\u00e9gu\u00e9s CE1\/CE2 2022\/2023"},"content":{"rendered":"<p>Jeudi 06 octobre, nous avons retrouv\u00e9 les \u00e9l\u00e8ves de CM1\/CM2 de la classe de Charl\u00e8ne pour \u00e9lire nos d\u00e9l\u00e9gu\u00e9s de classe\u2026 Il a fallu choisir entre 4 candidats de CE1 et 4 candidats CE2. Apr\u00e8s avoir fait campagne toute la semaine (affiche, discours de campagne), les enfants se sont retrouv\u00e9s en salle polyvalente pour voter, mais aussi tenir le r\u00f4le d\u2019assesseur. Les \u00e9l\u00e8ves ont suivi le parcours de vote : bulletin de vote, isoloir, urne, liste d\u2019\u00e9margement\u2026 De retour en classe nous avons proc\u00e9d\u00e9 au d\u00e9pouillement : le suspens \u00e9tait \u00e0 son comble !<\/p>\n<p>F\u00e9licitations aux d\u00e9l\u00e9gu\u00e9s \u00e9lus : Ana\u00efs WATTIAU et Mathis BOHEAS (suppl\u00e9ant) en CE1 ; Ana\u00ebl GAUTIER et Victoire CHAUSSEPIED (suppl\u00e9ante) en CE2.<\/p>\nngg_shortcode_0_placeholder\n","protected":false},"excerpt":{"rendered":"<p>Jeudi 06 octobre, nous avons retrouv\u00e9 les \u00e9l\u00e8ves de CM1\/CM2 de la classe de Charl\u00e8ne pour \u00e9lire nos d\u00e9l\u00e9gu\u00e9s de classe\u2026 Il a fallu choisir entre 4 candidats de CE1 et 4 candidats CE2. Apr\u00e8s avoir fait campagne toute la semaine (affiche, discours de campagne), les enfants se sont retrouv\u00e9s en salle polyvalente pour voter,<\/p>\n<p><a href=\"https:\/\/coueron-st-symphorien.fr\/?p=33077\" class=\"more-link themebutton\">Lire la suite<\/a><\/p>\n","protected":false},"author":6,"featured_media":0,"comment_status":"closed","ping_status":"closed","sticky":false,"template":"","format":"standard","meta":{"ngg_post_thumbnail":0,"footnotes":""},"categories":[18,21],"tags":[],"_links":{"self":[{"href":"https:\/\/coueron-st-symphorien.fr\/index.php?rest_route=\/wp\/v2\/posts\/33077"}],"collection":[{"href":"https:\/\/coueron-st-symphorien.fr\/index.php?rest_route=\/wp\/v2\/posts"}],"about":[{"href":"https:\/\/coueron-st-symphorien.fr\/index.php?rest_route=\/wp\/v2\/types\/post"}],"author":[{"embeddable":true,"href":"https:\/\/coueron-st-symphorien.fr\/index.php?rest_route=\/wp\/v2\/users\/6"}],"replies":[{"embeddable":true,"href":"https:\/\/coueron-st-symphorien.fr\/index.php?rest_route=%2Fwp%2Fv2%2Fcomments&post=33077"}],"version-history":[{"count":2,"href":"https:\/\/coueron-st-symphorien.fr\/index.php?rest_route=\/wp\/v2\/posts\/33077\/revisions"}],"predecessor-version":[{"id":33100,"href":"https:\/\/coueron-st-symphorien.fr\/index.php?rest_route=\/wp\/v2\/posts\/33077\/revisions\/33100"}],"wp:attachment":[{"href":"https:\/\/coueron-st-symphorien.fr\/index.php?rest_route=%2Fwp%2Fv2%2Fmedia&parent=33077"}],"wp:term":[{"taxonomy":"category","embeddable":true,"href":"https:\/\/coueron-st-symphorien.fr\/index.php?rest_route=%2Fwp%2Fv2%2Fcategories&post=33077"},{"taxonomy":"post_tag","embeddable":true,"href":"https:\/\/coueron-st-symphorien.fr\/index.php?rest_route=%2Fwp%2Fv2%2Ftags&post=33077"}],"curies":[{"name":"wp","href":"https:\/\/api.w.org\/{rel}","templated":true}]}}