{"id":33062,"date":"2022-10-19T11:37:58","date_gmt":"2022-10-19T10:37:58","guid":{"rendered":"https:\/\/coueron-st-symphorien.fr\/?p=33062"},"modified":"2022-10-19T11:37:58","modified_gmt":"2022-10-19T10:37:58","slug":"fete-de-la-rentree","status":"publish","type":"post","link":"https:\/\/coueron-st-symphorien.fr\/?p=33062","title":{"rendered":"F\u00eate de la rentr\u00e9e"},"content":{"rendered":"<p>Vendredi 9 septembre, nous avons fait la f\u00eate de la rentr\u00e9e du primaire. Ce fut l&rsquo;occasion de pr\u00e9senter chaque classe ainsi que les nouveaux \u00e9l\u00e8ves de l&rsquo;\u00e9cole et les nouvelles enseignantes. Ce fut \u00e9galement l&rsquo;occasion de partager un moment tous ensemble, danses, go\u00fbter. Voici un petit r\u00e9sum\u00e9 en photos.<\/p>\nngg_shortcode_0_placeholder\n","protected":false},"excerpt":{"rendered":"<p>Vendredi 9 septembre, nous avons fait la f\u00eate de la rentr\u00e9e du primaire. Ce fut l&rsquo;occasion de pr\u00e9senter chaque classe ainsi que les nouveaux \u00e9l\u00e8ves de l&rsquo;\u00e9cole et les nouvelles enseignantes. Ce fut \u00e9galement l&rsquo;occasion de partager un moment tous ensemble, danses, go\u00fbter. Voici un petit r\u00e9sum\u00e9 en photos.<\/p>\n","protected":false},"author":6,"featured_media":0,"comment_status":"closed","ping_status":"closed","sticky":false,"template":"","format":"standard","meta":{"ngg_post_thumbnail":0,"footnotes":""},"categories":[17,18,19,21,20,22,16,15,5,6],"tags":[],"_links":{"self":[{"href":"https:\/\/coueron-st-symphorien.fr\/index.php?rest_route=\/wp\/v2\/posts\/33062"}],"collection":[{"href":"https:\/\/coueron-st-symphorien.fr\/index.php?rest_route=\/wp\/v2\/posts"}],"about":[{"href":"https:\/\/coueron-st-symphorien.fr\/index.php?rest_route=\/wp\/v2\/types\/post"}],"author":[{"embeddable":true,"href":"https:\/\/coueron-st-symphorien.fr\/index.php?rest_route=\/wp\/v2\/users\/6"}],"replies":[{"embeddable":true,"href":"https:\/\/coueron-st-symphorien.fr\/index.php?rest_route=%2Fwp%2Fv2%2Fcomments&post=33062"}],"version-history":[{"count":2,"href":"https:\/\/coueron-st-symphorien.fr\/index.php?rest_route=\/wp\/v2\/posts\/33062\/revisions"}],"predecessor-version":[{"id":33076,"href":"https:\/\/coueron-st-symphorien.fr\/index.php?rest_route=\/wp\/v2\/posts\/33062\/revisions\/33076"}],"wp:attachment":[{"href":"https:\/\/coueron-st-symphorien.fr\/index.php?rest_route=%2Fwp%2Fv2%2Fmedia&parent=33062"}],"wp:term":[{"taxonomy":"category","embeddable":true,"href":"https:\/\/coueron-st-symphorien.fr\/index.php?rest_route=%2Fwp%2Fv2%2Fcategories&post=33062"},{"taxonomy":"post_tag","embeddable":true,"href":"https:\/\/coueron-st-symphorien.fr\/index.php?rest_route=%2Fwp%2Fv2%2Ftags&post=33062"}],"curies":[{"name":"wp","href":"https:\/\/api.w.org\/{rel}","templated":true}]}}