{"id":32619,"date":"2022-10-13T16:09:23","date_gmt":"2022-10-13T15:09:23","guid":{"rendered":"https:\/\/coueron-st-symphorien.fr\/?p=32619"},"modified":"2022-10-13T16:11:12","modified_gmt":"2022-10-13T15:11:12","slug":"rencontre-entre-anges-gardiens-2","status":"publish","type":"post","link":"https:\/\/coueron-st-symphorien.fr\/?p=32619","title":{"rendered":"Rencontre entre anges gardiens"},"content":{"rendered":"<p>Mardi 15 octobre, les \u00e9l\u00e8ves des classes de CP d&rsquo;Aur\u00e9lie Lebert et de CM2 ont pass\u00e9 un joyeux moment ensemble sous le soleil automnal.<\/p>\n<p>Apr\u00e8s avoir vot\u00e9 c\u00f4te \u00e0 c\u00f4te pour leurs d\u00e9l\u00e9gu\u00e9s, les \u00e9l\u00e8ves avaient pr\u00e9par\u00e9 des questionnaires en classe afin de pr\u00e9parer cette rencontre.<\/p>\n<p>Chacun a pu poser ses questions aux \u00e9l\u00e8ves de l&rsquo;autre classe et faire connaissance.<\/p>\n<p>Les duos ou trios d&rsquo;anges gardiens se sont ainsi form\u00e9s.&nbsp;<\/p>\n<p>D&rsquo;autres temps forts seront organis\u00e9s durant l&rsquo;ann\u00e9e scolaire: bricolage, jeux de soci\u00e9t\u00e9&#8230;<\/p>\nngg_shortcode_0_placeholder\n","protected":false},"excerpt":{"rendered":"<p>Mardi 15 octobre, les \u00e9l\u00e8ves des classes de CP d&rsquo;Aur\u00e9lie Lebert et de CM2 ont pass\u00e9 un joyeux moment ensemble sous le soleil automnal. Apr\u00e8s avoir vot\u00e9 c\u00f4te \u00e0 c\u00f4te pour leurs d\u00e9l\u00e9gu\u00e9s, les \u00e9l\u00e8ves avaient pr\u00e9par\u00e9 des questionnaires en classe afin de pr\u00e9parer cette rencontre. Chacun a pu poser ses questions aux \u00e9l\u00e8ves de<\/p>\n<p><a href=\"https:\/\/coueron-st-symphorien.fr\/?p=32619\" class=\"more-link themebutton\">Lire la suite<\/a><\/p>\n","protected":false},"author":7,"featured_media":0,"comment_status":"closed","ping_status":"closed","sticky":false,"template":"","format":"standard","meta":{"ngg_post_thumbnail":0,"footnotes":""},"categories":[22,15],"tags":[],"_links":{"self":[{"href":"https:\/\/coueron-st-symphorien.fr\/index.php?rest_route=\/wp\/v2\/posts\/32619"}],"collection":[{"href":"https:\/\/coueron-st-symphorien.fr\/index.php?rest_route=\/wp\/v2\/posts"}],"about":[{"href":"https:\/\/coueron-st-symphorien.fr\/index.php?rest_route=\/wp\/v2\/types\/post"}],"author":[{"embeddable":true,"href":"https:\/\/coueron-st-symphorien.fr\/index.php?rest_route=\/wp\/v2\/users\/7"}],"replies":[{"embeddable":true,"href":"https:\/\/coueron-st-symphorien.fr\/index.php?rest_route=%2Fwp%2Fv2%2Fcomments&post=32619"}],"version-history":[{"count":2,"href":"https:\/\/coueron-st-symphorien.fr\/index.php?rest_route=\/wp\/v2\/posts\/32619\/revisions"}],"predecessor-version":[{"id":32644,"href":"https:\/\/coueron-st-symphorien.fr\/index.php?rest_route=\/wp\/v2\/posts\/32619\/revisions\/32644"}],"wp:attachment":[{"href":"https:\/\/coueron-st-symphorien.fr\/index.php?rest_route=%2Fwp%2Fv2%2Fmedia&parent=32619"}],"wp:term":[{"taxonomy":"category","embeddable":true,"href":"https:\/\/coueron-st-symphorien.fr\/index.php?rest_route=%2Fwp%2Fv2%2Fcategories&post=32619"},{"taxonomy":"post_tag","embeddable":true,"href":"https:\/\/coueron-st-symphorien.fr\/index.php?rest_route=%2Fwp%2Fv2%2Ftags&post=32619"}],"curies":[{"name":"wp","href":"https:\/\/api.w.org\/{rel}","templated":true}]}}