{"id":32463,"date":"2022-10-10T12:41:40","date_gmt":"2022-10-10T11:41:40","guid":{"rendered":"https:\/\/coueron-st-symphorien.fr\/?p=32463"},"modified":"2022-10-10T12:41:40","modified_gmt":"2022-10-10T11:41:40","slug":"election-des-delegues","status":"publish","type":"post","link":"https:\/\/coueron-st-symphorien.fr\/?p=32463","title":{"rendered":"Election des d\u00e9l\u00e9gu\u00e9s"},"content":{"rendered":"<p>L&rsquo;\u00e9lection des d\u00e9l\u00e9gu\u00e9s s&rsquo;est d\u00e9roul\u00e9e le jeudi 6 octobre.&nbsp;<\/p>\n<p>En compagnie des CP d&rsquo;Aur\u00e9lie Lebert, les CM2 ont exerc\u00e9 leur r\u00f4le de citoyen en votant pour leur d\u00e9l\u00e9gu\u00e9 et sa suppl\u00e9ante. A cette occasion, une urne et des isoloirs avaient \u00e9t\u00e9 install\u00e9s dans la salle polyvalente.<\/p>\n<p>Auparavant, les candidats ont tent\u00e9 de convaincre leurs camarades en r\u00e9alisant une affiche et en leur pr\u00e9sentant leur programme.<\/p>\n<p>L&rsquo;heureux \u00e9lu est Marin et sa suppl\u00e9ante Julie. F\u00e9licitations \u00e0 eux!<\/p>\nngg_shortcode_0_placeholder\n","protected":false},"excerpt":{"rendered":"<p>L&rsquo;\u00e9lection des d\u00e9l\u00e9gu\u00e9s s&rsquo;est d\u00e9roul\u00e9e le jeudi 6 octobre.&nbsp; En compagnie des CP d&rsquo;Aur\u00e9lie Lebert, les CM2 ont exerc\u00e9 leur r\u00f4le de citoyen en votant pour leur d\u00e9l\u00e9gu\u00e9 et sa suppl\u00e9ante. A cette occasion, une urne et des isoloirs avaient \u00e9t\u00e9 install\u00e9s dans la salle polyvalente. Auparavant, les candidats ont tent\u00e9 de convaincre leurs camarades<\/p>\n<p><a href=\"https:\/\/coueron-st-symphorien.fr\/?p=32463\" class=\"more-link themebutton\">Lire la suite<\/a><\/p>\n","protected":false},"author":7,"featured_media":0,"comment_status":"closed","ping_status":"closed","sticky":false,"template":"","format":"standard","meta":{"ngg_post_thumbnail":0,"footnotes":""},"categories":[22],"tags":[],"_links":{"self":[{"href":"https:\/\/coueron-st-symphorien.fr\/index.php?rest_route=\/wp\/v2\/posts\/32463"}],"collection":[{"href":"https:\/\/coueron-st-symphorien.fr\/index.php?rest_route=\/wp\/v2\/posts"}],"about":[{"href":"https:\/\/coueron-st-symphorien.fr\/index.php?rest_route=\/wp\/v2\/types\/post"}],"author":[{"embeddable":true,"href":"https:\/\/coueron-st-symphorien.fr\/index.php?rest_route=\/wp\/v2\/users\/7"}],"replies":[{"embeddable":true,"href":"https:\/\/coueron-st-symphorien.fr\/index.php?rest_route=%2Fwp%2Fv2%2Fcomments&post=32463"}],"version-history":[{"count":1,"href":"https:\/\/coueron-st-symphorien.fr\/index.php?rest_route=\/wp\/v2\/posts\/32463\/revisions"}],"predecessor-version":[{"id":32464,"href":"https:\/\/coueron-st-symphorien.fr\/index.php?rest_route=\/wp\/v2\/posts\/32463\/revisions\/32464"}],"wp:attachment":[{"href":"https:\/\/coueron-st-symphorien.fr\/index.php?rest_route=%2Fwp%2Fv2%2Fmedia&parent=32463"}],"wp:term":[{"taxonomy":"category","embeddable":true,"href":"https:\/\/coueron-st-symphorien.fr\/index.php?rest_route=%2Fwp%2Fv2%2Fcategories&post=32463"},{"taxonomy":"post_tag","embeddable":true,"href":"https:\/\/coueron-st-symphorien.fr\/index.php?rest_route=%2Fwp%2Fv2%2Ftags&post=32463"}],"curies":[{"name":"wp","href":"https:\/\/api.w.org\/{rel}","templated":true}]}}