{"id":32225,"date":"2022-09-19T12:34:56","date_gmt":"2022-09-19T11:34:56","guid":{"rendered":"https:\/\/coueron-st-symphorien.fr\/?p=32225"},"modified":"2022-09-19T12:34:56","modified_gmt":"2022-09-19T11:34:56","slug":"la-fete-de-la-rentree-2","status":"publish","type":"post","link":"https:\/\/coueron-st-symphorien.fr\/?p=32225","title":{"rendered":"La f\u00eate de la rentr\u00e9e"},"content":{"rendered":"<p style=\"text-align: center\">Comme le veut la tradition, tous les \u00e9l\u00e8ves de l&rsquo;\u00e9cole maternelle se sont r\u00e9unis pour c\u00e9l\u00e9brer la rentr\u00e9e. Sous le soleil de septembre, ils ont chant\u00e9; ils ont d\u00e9couvert les nouveaux \u00e9l\u00e8ves et Camille la nouvelle maitresse de petite et moyenne section du vendredi ; ils ont pr\u00e9sent\u00e9 leurs mascottes ; ils ont r\u00e9unis leurs jolis bricolages dans un panier pour d\u00e9corer le hall de guirlandes puis ils ont partag\u00e9 un petit go\u00fbter. Chouette cette rentr\u00e9e !<\/p>\nngg_shortcode_0_placeholder\n","protected":false},"excerpt":{"rendered":"<p>Comme le veut la tradition, tous les \u00e9l\u00e8ves de l&rsquo;\u00e9cole maternelle se sont r\u00e9unis pour c\u00e9l\u00e9brer la rentr\u00e9e. Sous le soleil de septembre, ils ont chant\u00e9; ils ont d\u00e9couvert les nouveaux \u00e9l\u00e8ves et Camille la nouvelle maitresse de petite et moyenne section du vendredi ; ils ont pr\u00e9sent\u00e9 leurs mascottes ; ils ont r\u00e9unis leurs<\/p>\n<p><a href=\"https:\/\/coueron-st-symphorien.fr\/?p=32225\" class=\"more-link themebutton\">Lire la suite<\/a><\/p>\n","protected":false},"author":19,"featured_media":0,"comment_status":"closed","ping_status":"closed","sticky":false,"template":"","format":"standard","meta":{"ngg_post_thumbnail":0,"footnotes":""},"categories":[14,13,75,12,11],"tags":[],"_links":{"self":[{"href":"https:\/\/coueron-st-symphorien.fr\/index.php?rest_route=\/wp\/v2\/posts\/32225"}],"collection":[{"href":"https:\/\/coueron-st-symphorien.fr\/index.php?rest_route=\/wp\/v2\/posts"}],"about":[{"href":"https:\/\/coueron-st-symphorien.fr\/index.php?rest_route=\/wp\/v2\/types\/post"}],"author":[{"embeddable":true,"href":"https:\/\/coueron-st-symphorien.fr\/index.php?rest_route=\/wp\/v2\/users\/19"}],"replies":[{"embeddable":true,"href":"https:\/\/coueron-st-symphorien.fr\/index.php?rest_route=%2Fwp%2Fv2%2Fcomments&post=32225"}],"version-history":[{"count":1,"href":"https:\/\/coueron-st-symphorien.fr\/index.php?rest_route=\/wp\/v2\/posts\/32225\/revisions"}],"predecessor-version":[{"id":32226,"href":"https:\/\/coueron-st-symphorien.fr\/index.php?rest_route=\/wp\/v2\/posts\/32225\/revisions\/32226"}],"wp:attachment":[{"href":"https:\/\/coueron-st-symphorien.fr\/index.php?rest_route=%2Fwp%2Fv2%2Fmedia&parent=32225"}],"wp:term":[{"taxonomy":"category","embeddable":true,"href":"https:\/\/coueron-st-symphorien.fr\/index.php?rest_route=%2Fwp%2Fv2%2Fcategories&post=32225"},{"taxonomy":"post_tag","embeddable":true,"href":"https:\/\/coueron-st-symphorien.fr\/index.php?rest_route=%2Fwp%2Fv2%2Ftags&post=32225"}],"curies":[{"name":"wp","href":"https:\/\/api.w.org\/{rel}","templated":true}]}}