{"id":32172,"date":"2022-09-13T19:33:26","date_gmt":"2022-09-13T18:33:26","guid":{"rendered":"https:\/\/coueron-st-symphorien.fr\/?p=32172"},"modified":"2022-09-13T19:38:28","modified_gmt":"2022-09-13T18:38:28","slug":"cest-la-rentree-2","status":"publish","type":"post","link":"https:\/\/coueron-st-symphorien.fr\/?p=32172","title":{"rendered":"C&rsquo;est la rentr\u00e9e"},"content":{"rendered":"<p>Voici quelques photos des premiers jours de classe.<\/p>\n<p>Cette rentr\u00e9e c&rsquo;est tr\u00e8s bien pass\u00e9e ,enfants et adultes ont pris leur marques dans la bonne humeur!!!!!<\/p>\nngg_shortcode_0_placeholder\n","protected":false},"excerpt":{"rendered":"<p>Voici quelques photos des premiers jours de classe. Cette rentr\u00e9e c&rsquo;est tr\u00e8s bien pass\u00e9e ,enfants et adultes ont pris leur marques dans la bonne humeur!!!!!<\/p>\n","protected":false},"author":8,"featured_media":0,"comment_status":"closed","ping_status":"closed","sticky":false,"template":"","format":"standard","meta":{"ngg_post_thumbnail":0,"footnotes":""},"categories":[13],"tags":[],"_links":{"self":[{"href":"https:\/\/coueron-st-symphorien.fr\/index.php?rest_route=\/wp\/v2\/posts\/32172"}],"collection":[{"href":"https:\/\/coueron-st-symphorien.fr\/index.php?rest_route=\/wp\/v2\/posts"}],"about":[{"href":"https:\/\/coueron-st-symphorien.fr\/index.php?rest_route=\/wp\/v2\/types\/post"}],"author":[{"embeddable":true,"href":"https:\/\/coueron-st-symphorien.fr\/index.php?rest_route=\/wp\/v2\/users\/8"}],"replies":[{"embeddable":true,"href":"https:\/\/coueron-st-symphorien.fr\/index.php?rest_route=%2Fwp%2Fv2%2Fcomments&post=32172"}],"version-history":[{"count":2,"href":"https:\/\/coueron-st-symphorien.fr\/index.php?rest_route=\/wp\/v2\/posts\/32172\/revisions"}],"predecessor-version":[{"id":32204,"href":"https:\/\/coueron-st-symphorien.fr\/index.php?rest_route=\/wp\/v2\/posts\/32172\/revisions\/32204"}],"wp:attachment":[{"href":"https:\/\/coueron-st-symphorien.fr\/index.php?rest_route=%2Fwp%2Fv2%2Fmedia&parent=32172"}],"wp:term":[{"taxonomy":"category","embeddable":true,"href":"https:\/\/coueron-st-symphorien.fr\/index.php?rest_route=%2Fwp%2Fv2%2Fcategories&post=32172"},{"taxonomy":"post_tag","embeddable":true,"href":"https:\/\/coueron-st-symphorien.fr\/index.php?rest_route=%2Fwp%2Fv2%2Ftags&post=32172"}],"curies":[{"name":"wp","href":"https:\/\/api.w.org\/{rel}","templated":true}]}}