{"id":32029,"date":"2022-06-30T20:13:34","date_gmt":"2022-06-30T19:13:34","guid":{"rendered":"https:\/\/coueron-st-symphorien.fr\/?p=32029"},"modified":"2022-10-03T17:04:25","modified_gmt":"2022-10-03T16:04:25","slug":"sortie-de-fin-dannee-dans-coueron","status":"publish","type":"post","link":"https:\/\/coueron-st-symphorien.fr\/?p=32029","title":{"rendered":"Sortie de fin d&rsquo;ann\u00e9e dans COUERON"},"content":{"rendered":"<p>Mardi 28 juin nous sommes all\u00e9s nous promener sur l&rsquo;\u00eele de la libert\u00e9 \u00e0 Coueron ; les enfants ont pu monter sur l&rsquo;observatoire pour admirer le paysage. Ils ont ensuite \u00e9t\u00e9 ravis d&rsquo;aller jouer dans le parc puis de manger leur pique-nique. Un bon moment partag\u00e9 avant de se quitter!<\/p>\nngg_shortcode_0_placeholder\n","protected":false},"excerpt":{"rendered":"<p>Mardi 28 juin nous sommes all\u00e9s nous promener sur l&rsquo;\u00eele de la libert\u00e9 \u00e0 Coueron ; les enfants ont pu monter sur l&rsquo;observatoire pour admirer le paysage. Ils ont ensuite \u00e9t\u00e9 ravis d&rsquo;aller jouer dans le parc puis de manger leur pique-nique. Un bon moment partag\u00e9 avant de se quitter! &nbsp;<\/p>\n","protected":false},"author":4,"featured_media":0,"comment_status":"closed","ping_status":"closed","sticky":false,"template":"","format":"standard","meta":{"ngg_post_thumbnail":0,"footnotes":""},"categories":[11],"tags":[],"_links":{"self":[{"href":"https:\/\/coueron-st-symphorien.fr\/index.php?rest_route=\/wp\/v2\/posts\/32029"}],"collection":[{"href":"https:\/\/coueron-st-symphorien.fr\/index.php?rest_route=\/wp\/v2\/posts"}],"about":[{"href":"https:\/\/coueron-st-symphorien.fr\/index.php?rest_route=\/wp\/v2\/types\/post"}],"author":[{"embeddable":true,"href":"https:\/\/coueron-st-symphorien.fr\/index.php?rest_route=\/wp\/v2\/users\/4"}],"replies":[{"embeddable":true,"href":"https:\/\/coueron-st-symphorien.fr\/index.php?rest_route=%2Fwp%2Fv2%2Fcomments&post=32029"}],"version-history":[{"count":2,"href":"https:\/\/coueron-st-symphorien.fr\/index.php?rest_route=\/wp\/v2\/posts\/32029\/revisions"}],"predecessor-version":[{"id":32435,"href":"https:\/\/coueron-st-symphorien.fr\/index.php?rest_route=\/wp\/v2\/posts\/32029\/revisions\/32435"}],"wp:attachment":[{"href":"https:\/\/coueron-st-symphorien.fr\/index.php?rest_route=%2Fwp%2Fv2%2Fmedia&parent=32029"}],"wp:term":[{"taxonomy":"category","embeddable":true,"href":"https:\/\/coueron-st-symphorien.fr\/index.php?rest_route=%2Fwp%2Fv2%2Fcategories&post=32029"},{"taxonomy":"post_tag","embeddable":true,"href":"https:\/\/coueron-st-symphorien.fr\/index.php?rest_route=%2Fwp%2Fv2%2Ftags&post=32029"}],"curies":[{"name":"wp","href":"https:\/\/api.w.org\/{rel}","templated":true}]}}