{"id":31888,"date":"2022-07-02T16:32:41","date_gmt":"2022-07-02T15:32:41","guid":{"rendered":"https:\/\/coueron-st-symphorien.fr\/?p=31888"},"modified":"2022-07-02T21:14:37","modified_gmt":"2022-07-02T20:14:37","slug":"une-annee-au-jardin-avec-les-cp","status":"publish","type":"post","link":"https:\/\/coueron-st-symphorien.fr\/?p=31888","title":{"rendered":"Une ann\u00e9e au jardin avec les CP"},"content":{"rendered":"<p>Le petit jardin de notre \u00e9cole \u00e9tait cette ann\u00e9e encore en effervescence. Nous avons test\u00e9 le jardin dit&nbsp; <a href=\"https:\/\/drive.google.com\/file\/d\/1sFiIhwQh7mYSG-v6bk8vhnypcArAWsW2\/view?usp=drivesdk\">\u00ab\u00a0En lasagne\u00a0\u00bb clic<\/a> et nous sommes heureux car nous avons des courgettes, et \u00e0 venir des citrouilles bleues de Hongrie. Nos salades \u00e9taient d\u00e9licieuses les fraises et les framboises aussi.&nbsp;<\/p>\n<p>Le jardin nous demande de la patience et de la pers\u00e9v\u00e9rance mais nous sommes contents et seront heureux de donner la clef du jardin&nbsp; aux petits \u00e9l\u00e8ves de CP de l&rsquo;ann\u00e9e prochaine.<\/p>\n<div style=\"width: 720px;\" class=\"wp-video\"><!--[if lt IE 9]><script>document.createElement('video');<\/script><![endif]-->\n<video class=\"wp-video-shortcode\" id=\"video-31888-1\" width=\"720\" height=\"720\" preload=\"metadata\" controls=\"controls\"><source type=\"video\/mp4\" src=\"https:\/\/coueron-st-symphorien.fr\/wp-content\/uploads\/2022\/06\/InShot_20220625_170709845.mp4?_=1\" \/><a href=\"https:\/\/coueron-st-symphorien.fr\/wp-content\/uploads\/2022\/06\/InShot_20220625_170709845.mp4\">https:\/\/coueron-st-symphorien.fr\/wp-content\/uploads\/2022\/06\/InShot_20220625_170709845.mp4<\/a><\/video><\/div>\n","protected":false},"excerpt":{"rendered":"<p>Le petit jardin de notre \u00e9cole \u00e9tait cette ann\u00e9e encore en effervescence. Nous avons test\u00e9 le jardin dit&nbsp; \u00ab\u00a0En lasagne\u00a0\u00bb clic et nous sommes heureux car nous avons des courgettes, et \u00e0 venir des citrouilles bleues de Hongrie. Nos salades \u00e9taient d\u00e9licieuses les fraises et les framboises aussi.&nbsp; Le jardin nous demande de la patience<\/p>\n<p><a href=\"https:\/\/coueron-st-symphorien.fr\/?p=31888\" class=\"more-link themebutton\">Lire la suite<\/a><\/p>\n","protected":false},"author":17,"featured_media":0,"comment_status":"closed","ping_status":"closed","sticky":false,"template":"","format":"standard","meta":{"ngg_post_thumbnail":0,"footnotes":""},"categories":[16,15],"tags":[],"_links":{"self":[{"href":"https:\/\/coueron-st-symphorien.fr\/index.php?rest_route=\/wp\/v2\/posts\/31888"}],"collection":[{"href":"https:\/\/coueron-st-symphorien.fr\/index.php?rest_route=\/wp\/v2\/posts"}],"about":[{"href":"https:\/\/coueron-st-symphorien.fr\/index.php?rest_route=\/wp\/v2\/types\/post"}],"author":[{"embeddable":true,"href":"https:\/\/coueron-st-symphorien.fr\/index.php?rest_route=\/wp\/v2\/users\/17"}],"replies":[{"embeddable":true,"href":"https:\/\/coueron-st-symphorien.fr\/index.php?rest_route=%2Fwp%2Fv2%2Fcomments&post=31888"}],"version-history":[{"count":7,"href":"https:\/\/coueron-st-symphorien.fr\/index.php?rest_route=\/wp\/v2\/posts\/31888\/revisions"}],"predecessor-version":[{"id":32034,"href":"https:\/\/coueron-st-symphorien.fr\/index.php?rest_route=\/wp\/v2\/posts\/31888\/revisions\/32034"}],"wp:attachment":[{"href":"https:\/\/coueron-st-symphorien.fr\/index.php?rest_route=%2Fwp%2Fv2%2Fmedia&parent=31888"}],"wp:term":[{"taxonomy":"category","embeddable":true,"href":"https:\/\/coueron-st-symphorien.fr\/index.php?rest_route=%2Fwp%2Fv2%2Fcategories&post=31888"},{"taxonomy":"post_tag","embeddable":true,"href":"https:\/\/coueron-st-symphorien.fr\/index.php?rest_route=%2Fwp%2Fv2%2Ftags&post=31888"}],"curies":[{"name":"wp","href":"https:\/\/api.w.org\/{rel}","templated":true}]}}