{"id":31692,"date":"2022-06-12T08:21:54","date_gmt":"2022-06-12T07:21:54","guid":{"rendered":"https:\/\/coueron-st-symphorien.fr\/?p=31692"},"modified":"2022-10-13T21:11:11","modified_gmt":"2022-10-13T20:11:11","slug":"les-abeilles","status":"publish","type":"post","link":"https:\/\/coueron-st-symphorien.fr\/?p=31692","title":{"rendered":"les abeilles"},"content":{"rendered":"<p>ngg_shortcode_0_placeholderLundi 30 mai, Myl\u00e8ne, apicultrice, est venue \u00e0 l&rsquo;\u00e9cole pour nous parler du fonctionnement de la ruche et du r\u00f4le des abeilles. Nous avons go\u00fbt\u00e9 du miel et du pollen.<\/p>\n<p>&nbsp;<\/p>\n","protected":false},"excerpt":{"rendered":"<p>Lundi 30 mai, Myl\u00e8ne, apicultrice, est venue \u00e0 l&rsquo;\u00e9cole pour nous parler du fonctionnement de la ruche et du r\u00f4le des abeilles. Nous avons go\u00fbt\u00e9 du miel et du pollen. &nbsp;<\/p>\n","protected":false},"author":23,"featured_media":0,"comment_status":"closed","ping_status":"closed","sticky":false,"template":"","format":"standard","meta":{"ngg_post_thumbnail":0,"footnotes":""},"categories":[14],"tags":[],"_links":{"self":[{"href":"https:\/\/coueron-st-symphorien.fr\/index.php?rest_route=\/wp\/v2\/posts\/31692"}],"collection":[{"href":"https:\/\/coueron-st-symphorien.fr\/index.php?rest_route=\/wp\/v2\/posts"}],"about":[{"href":"https:\/\/coueron-st-symphorien.fr\/index.php?rest_route=\/wp\/v2\/types\/post"}],"author":[{"embeddable":true,"href":"https:\/\/coueron-st-symphorien.fr\/index.php?rest_route=\/wp\/v2\/users\/23"}],"replies":[{"embeddable":true,"href":"https:\/\/coueron-st-symphorien.fr\/index.php?rest_route=%2Fwp%2Fv2%2Fcomments&post=31692"}],"version-history":[{"count":3,"href":"https:\/\/coueron-st-symphorien.fr\/index.php?rest_route=\/wp\/v2\/posts\/31692\/revisions"}],"predecessor-version":[{"id":31712,"href":"https:\/\/coueron-st-symphorien.fr\/index.php?rest_route=\/wp\/v2\/posts\/31692\/revisions\/31712"}],"wp:attachment":[{"href":"https:\/\/coueron-st-symphorien.fr\/index.php?rest_route=%2Fwp%2Fv2%2Fmedia&parent=31692"}],"wp:term":[{"taxonomy":"category","embeddable":true,"href":"https:\/\/coueron-st-symphorien.fr\/index.php?rest_route=%2Fwp%2Fv2%2Fcategories&post=31692"},{"taxonomy":"post_tag","embeddable":true,"href":"https:\/\/coueron-st-symphorien.fr\/index.php?rest_route=%2Fwp%2Fv2%2Ftags&post=31692"}],"curies":[{"name":"wp","href":"https:\/\/api.w.org\/{rel}","templated":true}]}}