{"id":31507,"date":"2022-05-15T14:39:26","date_gmt":"2022-05-15T13:39:26","guid":{"rendered":"https:\/\/coueron-st-symphorien.fr\/?p=31507"},"modified":"2022-05-15T14:39:26","modified_gmt":"2022-05-15T13:39:26","slug":"une-rencontre-et-du-partage","status":"publish","type":"post","link":"https:\/\/coueron-st-symphorien.fr\/?p=31507","title":{"rendered":"Une rencontre et du partage !"},"content":{"rendered":"<p style=\"text-align: center\"><em>Mardi matin, tous les \u00e9l\u00e8ves de la maternelle se sont retrouv\u00e9s dans la cour pour accueillir quatre r\u00e9sidents du Foyer Koria de Cou\u00ebron. Ils sont venus les bras charg\u00e9s de belles jardini\u00e8res qu&rsquo;ils ont eux-m\u00eames construites pour participer \u00e0 notre projet d&rsquo;ann\u00e9e.&nbsp;<\/em><\/p>\n<p style=\"text-align: center\"><em>En \u00e9change, les \u00e9l\u00e8ves avaient pr\u00e9par\u00e9 un chant, un cahier de dessins et une affiche afin de les remercier. Ce temps de partage s&rsquo;est cl\u00f4tur\u00e9 par un go\u00fbter pour les petits et grands gourmands.<\/em><\/p>\nngg_shortcode_0_placeholder\n","protected":false},"excerpt":{"rendered":"<p>Mardi matin, tous les \u00e9l\u00e8ves de la maternelle se sont retrouv\u00e9s dans la cour pour accueillir quatre r\u00e9sidents du Foyer Koria de Cou\u00ebron. Ils sont venus les bras charg\u00e9s de belles jardini\u00e8res qu&rsquo;ils ont eux-m\u00eames construites pour participer \u00e0 notre projet d&rsquo;ann\u00e9e.&nbsp; En \u00e9change, les \u00e9l\u00e8ves avaient pr\u00e9par\u00e9 un chant, un cahier de dessins et<\/p>\n<p><a href=\"https:\/\/coueron-st-symphorien.fr\/?p=31507\" class=\"more-link themebutton\">Lire la suite<\/a><\/p>\n","protected":false},"author":19,"featured_media":0,"comment_status":"closed","ping_status":"closed","sticky":false,"template":"","format":"standard","meta":{"ngg_post_thumbnail":0,"footnotes":""},"categories":[14,13,75,12,11],"tags":[],"_links":{"self":[{"href":"https:\/\/coueron-st-symphorien.fr\/index.php?rest_route=\/wp\/v2\/posts\/31507"}],"collection":[{"href":"https:\/\/coueron-st-symphorien.fr\/index.php?rest_route=\/wp\/v2\/posts"}],"about":[{"href":"https:\/\/coueron-st-symphorien.fr\/index.php?rest_route=\/wp\/v2\/types\/post"}],"author":[{"embeddable":true,"href":"https:\/\/coueron-st-symphorien.fr\/index.php?rest_route=\/wp\/v2\/users\/19"}],"replies":[{"embeddable":true,"href":"https:\/\/coueron-st-symphorien.fr\/index.php?rest_route=%2Fwp%2Fv2%2Fcomments&post=31507"}],"version-history":[{"count":1,"href":"https:\/\/coueron-st-symphorien.fr\/index.php?rest_route=\/wp\/v2\/posts\/31507\/revisions"}],"predecessor-version":[{"id":31508,"href":"https:\/\/coueron-st-symphorien.fr\/index.php?rest_route=\/wp\/v2\/posts\/31507\/revisions\/31508"}],"wp:attachment":[{"href":"https:\/\/coueron-st-symphorien.fr\/index.php?rest_route=%2Fwp%2Fv2%2Fmedia&parent=31507"}],"wp:term":[{"taxonomy":"category","embeddable":true,"href":"https:\/\/coueron-st-symphorien.fr\/index.php?rest_route=%2Fwp%2Fv2%2Fcategories&post=31507"},{"taxonomy":"post_tag","embeddable":true,"href":"https:\/\/coueron-st-symphorien.fr\/index.php?rest_route=%2Fwp%2Fv2%2Ftags&post=31507"}],"curies":[{"name":"wp","href":"https:\/\/api.w.org\/{rel}","templated":true}]}}