{"id":31277,"date":"2022-04-20T15:20:10","date_gmt":"2022-04-20T14:20:10","guid":{"rendered":"https:\/\/coueron-st-symphorien.fr\/?p=31277"},"modified":"2022-04-20T15:22:42","modified_gmt":"2022-04-20T14:22:42","slug":"fete-du-partage-en-maternelle-2","status":"publish","type":"post","link":"https:\/\/coueron-st-symphorien.fr\/?p=31277","title":{"rendered":"f\u00eate du partage en maternelle"},"content":{"rendered":"<p>C&rsquo;est avec beaucoup de plaisir que les enfants de maternelle ont d\u00e9couvert la \u00ab\u00a0f\u00eate du partage\u00a0\u00bb<\/p>\n<p>Ils ont aim\u00e9 partager des puzzles, des kapplas ,se faire maquiller ,peindre , r\u00e9aliser une oeuvre collective et offrir un album \u00e0 un copain!!!<\/p>\n<p>Merci aux CM1 pour leur aide pr\u00e9cieuse.<\/p>\nngg_shortcode_0_placeholder\n","protected":false},"excerpt":{"rendered":"<p>C&rsquo;est avec beaucoup de plaisir que les enfants de maternelle ont d\u00e9couvert la \u00ab\u00a0f\u00eate du partage\u00a0\u00bb Ils ont aim\u00e9 partager des puzzles, des kapplas ,se faire maquiller ,peindre , r\u00e9aliser une oeuvre collective et offrir un album \u00e0 un copain!!! Merci aux CM1 pour leur aide pr\u00e9cieuse.<\/p>\n","protected":false},"author":8,"featured_media":0,"comment_status":"closed","ping_status":"closed","sticky":false,"template":"","format":"standard","meta":{"ngg_post_thumbnail":0,"footnotes":""},"categories":[14,13,75,12,11],"tags":[],"_links":{"self":[{"href":"https:\/\/coueron-st-symphorien.fr\/index.php?rest_route=\/wp\/v2\/posts\/31277"}],"collection":[{"href":"https:\/\/coueron-st-symphorien.fr\/index.php?rest_route=\/wp\/v2\/posts"}],"about":[{"href":"https:\/\/coueron-st-symphorien.fr\/index.php?rest_route=\/wp\/v2\/types\/post"}],"author":[{"embeddable":true,"href":"https:\/\/coueron-st-symphorien.fr\/index.php?rest_route=\/wp\/v2\/users\/8"}],"replies":[{"embeddable":true,"href":"https:\/\/coueron-st-symphorien.fr\/index.php?rest_route=%2Fwp%2Fv2%2Fcomments&post=31277"}],"version-history":[{"count":2,"href":"https:\/\/coueron-st-symphorien.fr\/index.php?rest_route=\/wp\/v2\/posts\/31277\/revisions"}],"predecessor-version":[{"id":31307,"href":"https:\/\/coueron-st-symphorien.fr\/index.php?rest_route=\/wp\/v2\/posts\/31277\/revisions\/31307"}],"wp:attachment":[{"href":"https:\/\/coueron-st-symphorien.fr\/index.php?rest_route=%2Fwp%2Fv2%2Fmedia&parent=31277"}],"wp:term":[{"taxonomy":"category","embeddable":true,"href":"https:\/\/coueron-st-symphorien.fr\/index.php?rest_route=%2Fwp%2Fv2%2Fcategories&post=31277"},{"taxonomy":"post_tag","embeddable":true,"href":"https:\/\/coueron-st-symphorien.fr\/index.php?rest_route=%2Fwp%2Fv2%2Ftags&post=31277"}],"curies":[{"name":"wp","href":"https:\/\/api.w.org\/{rel}","templated":true}]}}