{"id":31259,"date":"2022-04-18T14:03:32","date_gmt":"2022-04-18T13:03:32","guid":{"rendered":"https:\/\/coueron-st-symphorien.fr\/?p=31259"},"modified":"2022-04-18T14:28:45","modified_gmt":"2022-04-18T13:28:45","slug":"fete-du-partage-2022","status":"publish","type":"post","link":"https:\/\/coueron-st-symphorien.fr\/?p=31259","title":{"rendered":"F\u00eate du partage 2022"},"content":{"rendered":"<p>Apr\u00e8s deux ann\u00e9es d&rsquo;interruption, la f\u00eate du partage a pu de nouveau avoir lieu le mardi 5 avril.<\/p>\n<p>Ce temps fort tr\u00e8s appr\u00e9ci\u00e9 par les \u00e9l\u00e8ves et leurs enseignants r\u00e9unit toutes les classes autour d&rsquo;ateliers divers dont le ma\u00eetre mot est la coop\u00e9ration. Maquillage, brocante, ballon chasseur, relais coop\u00e9ration, course en sac, chamboule tout ont occup\u00e9 les \u00e9l\u00e8ves toute la matin\u00e9e.<\/p>\n<p>Les CM2 ont anim\u00e9 les ateliers pour aider les plus jeunes \u00e0 profiter de ce moment.<\/p>\n<p>Le lendemain, le pr\u00eatre de l&rsquo;\u00e9glise de Cou\u00ebron est venu pr\u00e9senter aux enfants les f\u00eates de P\u00e2ques. Une semaine de collecte alimentaire a par ailleurs \u00e9t\u00e9 men\u00e9e en faveur des Restos du c\u0153ur de la commune.<\/p>\nngg_shortcode_0_placeholder\n","protected":false},"excerpt":{"rendered":"<p>Apr\u00e8s deux ann\u00e9es d&rsquo;interruption, la f\u00eate du partage a pu de nouveau avoir lieu le mardi 5 avril. Ce temps fort tr\u00e8s appr\u00e9ci\u00e9 par les \u00e9l\u00e8ves et leurs enseignants r\u00e9unit toutes les classes autour d&rsquo;ateliers divers dont le ma\u00eetre mot est la coop\u00e9ration. Maquillage, brocante, ballon chasseur, relais coop\u00e9ration, course en sac, chamboule tout ont<\/p>\n<p><a href=\"https:\/\/coueron-st-symphorien.fr\/?p=31259\" class=\"more-link themebutton\">Lire la suite<\/a><\/p>\n","protected":false},"author":7,"featured_media":0,"comment_status":"closed","ping_status":"closed","sticky":false,"template":"","format":"standard","meta":{"ngg_post_thumbnail":0,"footnotes":""},"categories":[17,18,19,21,20,22,16,15],"tags":[],"_links":{"self":[{"href":"https:\/\/coueron-st-symphorien.fr\/index.php?rest_route=\/wp\/v2\/posts\/31259"}],"collection":[{"href":"https:\/\/coueron-st-symphorien.fr\/index.php?rest_route=\/wp\/v2\/posts"}],"about":[{"href":"https:\/\/coueron-st-symphorien.fr\/index.php?rest_route=\/wp\/v2\/types\/post"}],"author":[{"embeddable":true,"href":"https:\/\/coueron-st-symphorien.fr\/index.php?rest_route=\/wp\/v2\/users\/7"}],"replies":[{"embeddable":true,"href":"https:\/\/coueron-st-symphorien.fr\/index.php?rest_route=%2Fwp%2Fv2%2Fcomments&post=31259"}],"version-history":[{"count":1,"href":"https:\/\/coueron-st-symphorien.fr\/index.php?rest_route=\/wp\/v2\/posts\/31259\/revisions"}],"predecessor-version":[{"id":31260,"href":"https:\/\/coueron-st-symphorien.fr\/index.php?rest_route=\/wp\/v2\/posts\/31259\/revisions\/31260"}],"wp:attachment":[{"href":"https:\/\/coueron-st-symphorien.fr\/index.php?rest_route=%2Fwp%2Fv2%2Fmedia&parent=31259"}],"wp:term":[{"taxonomy":"category","embeddable":true,"href":"https:\/\/coueron-st-symphorien.fr\/index.php?rest_route=%2Fwp%2Fv2%2Fcategories&post=31259"},{"taxonomy":"post_tag","embeddable":true,"href":"https:\/\/coueron-st-symphorien.fr\/index.php?rest_route=%2Fwp%2Fv2%2Ftags&post=31259"}],"curies":[{"name":"wp","href":"https:\/\/api.w.org\/{rel}","templated":true}]}}