{"id":31224,"date":"2022-03-28T15:47:58","date_gmt":"2022-03-28T14:47:58","guid":{"rendered":"https:\/\/coueron-st-symphorien.fr\/?p=31224"},"modified":"2022-03-28T15:47:58","modified_gmt":"2022-03-28T14:47:58","slug":"fete-de-lart-et-de-la-culture","status":"publish","type":"post","link":"https:\/\/coueron-st-symphorien.fr\/?p=31224","title":{"rendered":"FETE DE L&rsquo;ART ET DE LA CULTURE"},"content":{"rendered":"<p>Jeudi 24 mars, une exposition a r\u00e9uni tous les travaux des \u00e9l\u00e8ves de la Petite Section au CM2 en arts visuels sur le th\u00e8me du portrait.<\/p>\n<p>En amont, les \u00e9l\u00e8ves de chaque classe ont r\u00e9fl\u00e9chi \u00e0 la question: <span style=\"color: #ff9900\">QU&rsquo;EST CE QU\u2019UN PORTRAIT&nbsp;<\/span>?<\/p>\n<p>Leurs id\u00e9es ont \u00e9t\u00e9 affich\u00e9es dans l&rsquo;\u00e9cole pour les mettre en app\u00e9tit sur l&rsquo;exposition.<\/p>\n<p>Le jour J, les \u00e9l\u00e8ves ont pu admirer des productions sur ce th\u00e8me : photographiques, d\u00e9tournements, destructions, \u00e0 la mani\u00e8re de Pablo Picasso, Alberto Giacometti, Jean Jullien, Jan Arp, Jean Dubuffey\u2026<\/p>\n<p>Chaque classe a cl\u00f4tur\u00e9 sa visite en proposant un titre \u00e0 l\u2019exposition. En voici quelques exemples&nbsp;: \u00ab&nbsp;Jolis portraits&nbsp;\u00bb, \u00ab&nbsp; T\u00eates \u00e0 gogo&nbsp;\u00bb, \u00ab&nbsp;Visages et corps, tous diff\u00e9rents&nbsp;\u00bb, \u00ab&nbsp;Les portraits des \u00e9l\u00e8ves et des classes&nbsp;\u00bb, \u00ab&nbsp;Nos corps d\u00e9form\u00e9s, transform\u00e9s&nbsp;\u00bb, \u00ab&nbsp;Portraits et bonhommes d\u00e9guis\u00e9s&nbsp;\u00bb\u2026<\/p>\n<p>Bravo \u00e0 tous les artistes!<\/p>\nngg_shortcode_0_placeholder\n","protected":false},"excerpt":{"rendered":"<p>Jeudi 24 mars, une exposition a r\u00e9uni tous les travaux des \u00e9l\u00e8ves de la Petite Section au CM2 en arts visuels sur le th\u00e8me du portrait. En amont, les \u00e9l\u00e8ves de chaque classe ont r\u00e9fl\u00e9chi \u00e0 la question: QU&rsquo;EST CE QU\u2019UN PORTRAIT&nbsp;? Leurs id\u00e9es ont \u00e9t\u00e9 affich\u00e9es dans l&rsquo;\u00e9cole pour les mettre en app\u00e9tit sur<\/p>\n<p><a href=\"https:\/\/coueron-st-symphorien.fr\/?p=31224\" class=\"more-link themebutton\">Lire la suite<\/a><\/p>\n","protected":false},"author":14,"featured_media":0,"comment_status":"closed","ping_status":"closed","sticky":false,"template":"","format":"standard","meta":{"ngg_post_thumbnail":0,"footnotes":""},"categories":[17,18,19,21,20,22,16,15,5,6,14,13,75,12,11],"tags":[],"_links":{"self":[{"href":"https:\/\/coueron-st-symphorien.fr\/index.php?rest_route=\/wp\/v2\/posts\/31224"}],"collection":[{"href":"https:\/\/coueron-st-symphorien.fr\/index.php?rest_route=\/wp\/v2\/posts"}],"about":[{"href":"https:\/\/coueron-st-symphorien.fr\/index.php?rest_route=\/wp\/v2\/types\/post"}],"author":[{"embeddable":true,"href":"https:\/\/coueron-st-symphorien.fr\/index.php?rest_route=\/wp\/v2\/users\/14"}],"replies":[{"embeddable":true,"href":"https:\/\/coueron-st-symphorien.fr\/index.php?rest_route=%2Fwp%2Fv2%2Fcomments&post=31224"}],"version-history":[{"count":1,"href":"https:\/\/coueron-st-symphorien.fr\/index.php?rest_route=\/wp\/v2\/posts\/31224\/revisions"}],"predecessor-version":[{"id":31225,"href":"https:\/\/coueron-st-symphorien.fr\/index.php?rest_route=\/wp\/v2\/posts\/31224\/revisions\/31225"}],"wp:attachment":[{"href":"https:\/\/coueron-st-symphorien.fr\/index.php?rest_route=%2Fwp%2Fv2%2Fmedia&parent=31224"}],"wp:term":[{"taxonomy":"category","embeddable":true,"href":"https:\/\/coueron-st-symphorien.fr\/index.php?rest_route=%2Fwp%2Fv2%2Fcategories&post=31224"},{"taxonomy":"post_tag","embeddable":true,"href":"https:\/\/coueron-st-symphorien.fr\/index.php?rest_route=%2Fwp%2Fv2%2Ftags&post=31224"}],"curies":[{"name":"wp","href":"https:\/\/api.w.org\/{rel}","templated":true}]}}