{"id":31035,"date":"2022-03-16T21:44:58","date_gmt":"2022-03-16T20:44:58","guid":{"rendered":"https:\/\/coueron-st-symphorien.fr\/?p=31035"},"modified":"2022-10-03T17:05:07","modified_gmt":"2022-10-03T16:05:07","slug":"sortie-chez-jardiland-a-loccasion-de-la-semaine-du-jardinage","status":"publish","type":"post","link":"https:\/\/coueron-st-symphorien.fr\/?p=31035","title":{"rendered":"Sortie chez Jardiland \u00e0 l&rsquo;occasion de la semaine du jardinage!"},"content":{"rendered":"<p>Mardi 15 mars nous avons pris le car, ce qui est toujours une joie pour les enfants : Direction Bouguenais!<\/p>\n<p>Les enfants ont re\u00e7u, en cadeau souvenir, un tablier pour ne pas se salir&#8230;<\/p>\n<p>Puis des \u00e9l\u00e8ves d&rsquo;un lyc\u00e9e agricole ont anim\u00e9 3 ateliers: d\u00e9couverte de l\u00e9gumes anciens, plantation de fraisiers et d\u00e9couverte + plantation de plantes mellif\u00e8res (qui attirent les insectes pollinisateurs).<\/p>\n<p>Jardiland nous a aussi offert un petit go\u00fbter&#8230;<\/p>\n<p>Enfin nous sommes revenus \u00e0 l&rsquo;\u00e9cole avec 15 jardini\u00e8res plant\u00e9es!!! Chaque enfant va pouvoir rapporter un fraisier chez lui&#8230;<\/p>\nngg_shortcode_0_placeholder\n<p>&nbsp;<\/p>\n","protected":false},"excerpt":{"rendered":"<p>Mardi 15 mars nous avons pris le car, ce qui est toujours une joie pour les enfants : Direction Bouguenais! Les enfants ont re\u00e7u, en cadeau souvenir, un tablier pour ne pas se salir&#8230; Puis des \u00e9l\u00e8ves d&rsquo;un lyc\u00e9e agricole ont anim\u00e9 3 ateliers: d\u00e9couverte de l\u00e9gumes anciens, plantation de fraisiers et d\u00e9couverte + plantation<\/p>\n<p><a href=\"https:\/\/coueron-st-symphorien.fr\/?p=31035\" class=\"more-link themebutton\">Lire la suite<\/a><\/p>\n","protected":false},"author":4,"featured_media":0,"comment_status":"closed","ping_status":"closed","sticky":false,"template":"","format":"standard","meta":{"ngg_post_thumbnail":0,"footnotes":""},"categories":[11],"tags":[],"_links":{"self":[{"href":"https:\/\/coueron-st-symphorien.fr\/index.php?rest_route=\/wp\/v2\/posts\/31035"}],"collection":[{"href":"https:\/\/coueron-st-symphorien.fr\/index.php?rest_route=\/wp\/v2\/posts"}],"about":[{"href":"https:\/\/coueron-st-symphorien.fr\/index.php?rest_route=\/wp\/v2\/types\/post"}],"author":[{"embeddable":true,"href":"https:\/\/coueron-st-symphorien.fr\/index.php?rest_route=\/wp\/v2\/users\/4"}],"replies":[{"embeddable":true,"href":"https:\/\/coueron-st-symphorien.fr\/index.php?rest_route=%2Fwp%2Fv2%2Fcomments&post=31035"}],"version-history":[{"count":3,"href":"https:\/\/coueron-st-symphorien.fr\/index.php?rest_route=\/wp\/v2\/posts\/31035\/revisions"}],"predecessor-version":[{"id":32436,"href":"https:\/\/coueron-st-symphorien.fr\/index.php?rest_route=\/wp\/v2\/posts\/31035\/revisions\/32436"}],"wp:attachment":[{"href":"https:\/\/coueron-st-symphorien.fr\/index.php?rest_route=%2Fwp%2Fv2%2Fmedia&parent=31035"}],"wp:term":[{"taxonomy":"category","embeddable":true,"href":"https:\/\/coueron-st-symphorien.fr\/index.php?rest_route=%2Fwp%2Fv2%2Fcategories&post=31035"},{"taxonomy":"post_tag","embeddable":true,"href":"https:\/\/coueron-st-symphorien.fr\/index.php?rest_route=%2Fwp%2Fv2%2Ftags&post=31035"}],"curies":[{"name":"wp","href":"https:\/\/api.w.org\/{rel}","templated":true}]}}