{"id":30701,"date":"2022-01-06T21:21:43","date_gmt":"2022-01-06T20:21:43","guid":{"rendered":"https:\/\/coueron-st-symphorien.fr\/?p=30701"},"modified":"2022-01-06T21:21:43","modified_gmt":"2022-01-06T20:21:43","slug":"cest-la-fete-de-lhiver","status":"publish","type":"post","link":"https:\/\/coueron-st-symphorien.fr\/?p=30701","title":{"rendered":"C&rsquo;est la f\u00eate de l&rsquo;hiver!"},"content":{"rendered":"<p style=\"text-align: center\"><b>Ce mercredi 5 janvier, nous avons f\u00eat\u00e9 l&rsquo;hiver tous v\u00eatus de gris, de noir et de blanc. Au programme de cette matin\u00e9e particuli\u00e8re, des activit\u00e9s artistiques NOIR sur BLANC et BLANC sur NOIR, mettant \u00e0 l&rsquo;honneur les \u0153uvres de Victor Vasarely et Vassily Kandinsky.<\/b><\/p>\nngg_shortcode_0_placeholder\n","protected":false},"excerpt":{"rendered":"<p>Ce mercredi 5 janvier, nous avons f\u00eat\u00e9 l&rsquo;hiver tous v\u00eatus de gris, de noir et de blanc. Au programme de cette matin\u00e9e particuli\u00e8re, des activit\u00e9s artistiques NOIR sur BLANC et BLANC sur NOIR, mettant \u00e0 l&rsquo;honneur les \u0153uvres de Victor Vasarely et Vassily Kandinsky.<\/p>\n","protected":false},"author":19,"featured_media":0,"comment_status":"closed","ping_status":"closed","sticky":false,"template":"","format":"standard","meta":{"ngg_post_thumbnail":0,"footnotes":""},"categories":[75],"tags":[],"_links":{"self":[{"href":"https:\/\/coueron-st-symphorien.fr\/index.php?rest_route=\/wp\/v2\/posts\/30701"}],"collection":[{"href":"https:\/\/coueron-st-symphorien.fr\/index.php?rest_route=\/wp\/v2\/posts"}],"about":[{"href":"https:\/\/coueron-st-symphorien.fr\/index.php?rest_route=\/wp\/v2\/types\/post"}],"author":[{"embeddable":true,"href":"https:\/\/coueron-st-symphorien.fr\/index.php?rest_route=\/wp\/v2\/users\/19"}],"replies":[{"embeddable":true,"href":"https:\/\/coueron-st-symphorien.fr\/index.php?rest_route=%2Fwp%2Fv2%2Fcomments&post=30701"}],"version-history":[{"count":1,"href":"https:\/\/coueron-st-symphorien.fr\/index.php?rest_route=\/wp\/v2\/posts\/30701\/revisions"}],"predecessor-version":[{"id":30702,"href":"https:\/\/coueron-st-symphorien.fr\/index.php?rest_route=\/wp\/v2\/posts\/30701\/revisions\/30702"}],"wp:attachment":[{"href":"https:\/\/coueron-st-symphorien.fr\/index.php?rest_route=%2Fwp%2Fv2%2Fmedia&parent=30701"}],"wp:term":[{"taxonomy":"category","embeddable":true,"href":"https:\/\/coueron-st-symphorien.fr\/index.php?rest_route=%2Fwp%2Fv2%2Fcategories&post=30701"},{"taxonomy":"post_tag","embeddable":true,"href":"https:\/\/coueron-st-symphorien.fr\/index.php?rest_route=%2Fwp%2Fv2%2Ftags&post=30701"}],"curies":[{"name":"wp","href":"https:\/\/api.w.org\/{rel}","templated":true}]}}