{"id":30533,"date":"2021-12-21T20:11:16","date_gmt":"2021-12-21T19:11:16","guid":{"rendered":"https:\/\/coueron-st-symphorien.fr\/?p=30533"},"modified":"2021-12-21T20:24:34","modified_gmt":"2021-12-21T19:24:34","slug":"celebrations-de-noel-a-leglise","status":"publish","type":"post","link":"https:\/\/coueron-st-symphorien.fr\/?p=30533","title":{"rendered":"C\u00e9l\u00e9brations de NO\u00cbL \u00e0 l&rsquo;\u00e9glise"},"content":{"rendered":"<p><strong>Les c\u00e9l\u00e9brations de No\u00ebl \u00e0 l&rsquo;\u00e9glise .<\/strong>&nbsp; &nbsp; &nbsp; &nbsp; &nbsp; &nbsp; &nbsp;<\/p>\n<p><span style=\"text-decoration: underline\">Pour les plus jeunes:&nbsp;<\/span><\/p>\n<p>Jeudi 16 d\u00e9cembre, toute l\u2019\u00e9cole maternelle et les CP sont all\u00e9s \u00e0 l\u2019\u00e9glise pour c\u00e9l\u00e9brer No\u00ebl.<\/p>\n<p>Nous avons chant\u00e9&nbsp;: \u00ab&nbsp;<em>En famille, en peuple, en \u00e9glise<\/em>&nbsp;\u00bb et \u00ab<em>Sa maman l\u2019appelait J\u00e9sus<\/em>\u00bb.<\/p>\n<p>Nous avons apport\u00e9 des boules&nbsp; pour d\u00e9corer la cr\u00e8che.<\/p>\n<p>Chaque classe a expliqu\u00e9 comment on essaye de grandir comme J\u00e9sus.&nbsp;&nbsp;&nbsp;&nbsp;&nbsp;&nbsp;<\/p>\n<p>ngg_shortcode_0_placeholder<span style=\"text-decoration: underline\">Pour les plus grands:&nbsp; &nbsp;<\/span><\/p>\n<p>Les \u00e9l\u00e8ves de l\u2019\u00e9l\u00e9mentaire ont particip\u00e9 \u00e0 la c\u00e9l\u00e9bration qui nous emm\u00e8ne&nbsp; \u00e0 No\u00ebl vendredi 17 D\u00e9cembre. Des \u00e9l\u00e8ves avaient pr\u00e9par\u00e9 un conte \u00ab&nbsp;Un sourire qui vaut de l\u2019or&nbsp;\u00bb. A l\u2019approche de No\u00ebl, nous sommes dans l\u2019attente de quelqu\u2019un d\u2019important\u2026 Et cette personne, c\u2019est finalement un enfant\u2026 Chaque classe avait pr\u00e9par\u00e9 un sapin, sur lequel les \u00e9l\u00e8ves ont coll\u00e9 une \u00e9toile avec une intention particuli\u00e8re, avec un regard bienveillant, en lien avec une parole ou un geste valorisant pour les autres.<\/p>\n<p>ngg_shortcode_1_placeholder<strong>Ce fut l\u2019occasion de parler de la famille de J\u00e9sus, mais aussi celle de la cellule familiale, mais \u00e9galement de la famille humaine, sans oublier la grande famille chr\u00e9tienne.<\/strong><\/p>\n<p><strong>Ce&nbsp; temps fort a r\u00e9uni toute notre \u00e9cole \u00e0 l\u2019\u00e9glise, autour de la cr\u00e8che.<\/strong><\/p>\n","protected":false},"excerpt":{"rendered":"<p>Les c\u00e9l\u00e9brations de No\u00ebl \u00e0 l&rsquo;\u00e9glise .&nbsp; &nbsp; &nbsp; &nbsp; &nbsp; &nbsp; &nbsp; Pour les plus jeunes:&nbsp; Jeudi 16 d\u00e9cembre, toute l\u2019\u00e9cole maternelle et les CP sont all\u00e9s \u00e0 l\u2019\u00e9glise pour c\u00e9l\u00e9brer No\u00ebl. Nous avons chant\u00e9&nbsp;: \u00ab&nbsp;En famille, en peuple, en \u00e9glise&nbsp;\u00bb et \u00abSa maman l\u2019appelait J\u00e9sus\u00bb. Nous avons apport\u00e9 des boules&nbsp; pour d\u00e9corer la<\/p>\n<p><a href=\"https:\/\/coueron-st-symphorien.fr\/?p=30533\" class=\"more-link themebutton\">Lire la suite<\/a><\/p>\n","protected":false},"author":12,"featured_media":0,"comment_status":"closed","ping_status":"closed","sticky":false,"template":"","format":"standard","meta":{"ngg_post_thumbnail":0,"footnotes":""},"categories":[17,18,19,21,20,22,16,15,14,13,75,12,11],"tags":[],"_links":{"self":[{"href":"https:\/\/coueron-st-symphorien.fr\/index.php?rest_route=\/wp\/v2\/posts\/30533"}],"collection":[{"href":"https:\/\/coueron-st-symphorien.fr\/index.php?rest_route=\/wp\/v2\/posts"}],"about":[{"href":"https:\/\/coueron-st-symphorien.fr\/index.php?rest_route=\/wp\/v2\/types\/post"}],"author":[{"embeddable":true,"href":"https:\/\/coueron-st-symphorien.fr\/index.php?rest_route=\/wp\/v2\/users\/12"}],"replies":[{"embeddable":true,"href":"https:\/\/coueron-st-symphorien.fr\/index.php?rest_route=%2Fwp%2Fv2%2Fcomments&post=30533"}],"version-history":[{"count":9,"href":"https:\/\/coueron-st-symphorien.fr\/index.php?rest_route=\/wp\/v2\/posts\/30533\/revisions"}],"predecessor-version":[{"id":30539,"href":"https:\/\/coueron-st-symphorien.fr\/index.php?rest_route=\/wp\/v2\/posts\/30533\/revisions\/30539"}],"wp:attachment":[{"href":"https:\/\/coueron-st-symphorien.fr\/index.php?rest_route=%2Fwp%2Fv2%2Fmedia&parent=30533"}],"wp:term":[{"taxonomy":"category","embeddable":true,"href":"https:\/\/coueron-st-symphorien.fr\/index.php?rest_route=%2Fwp%2Fv2%2Fcategories&post=30533"},{"taxonomy":"post_tag","embeddable":true,"href":"https:\/\/coueron-st-symphorien.fr\/index.php?rest_route=%2Fwp%2Fv2%2Ftags&post=30533"}],"curies":[{"name":"wp","href":"https:\/\/api.w.org\/{rel}","templated":true}]}}