{"id":30191,"date":"2022-06-30T12:47:42","date_gmt":"2022-06-30T11:47:42","guid":{"rendered":"https:\/\/coueron-st-symphorien.fr\/?p=30191"},"modified":"2022-07-02T21:11:03","modified_gmt":"2022-07-02T20:11:03","slug":"les-clefs-du-jardin","status":"publish","type":"post","link":"https:\/\/coueron-st-symphorien.fr\/?p=30191","title":{"rendered":"Les clefs du jardin"},"content":{"rendered":"<p style=\"text-align: left\">La remise officielle des clefs du jardin c&rsquo;est d\u00e9roul\u00e9e le jeudi 21 octobre en pr\u00e9sence des classes de CP et CE1.<\/p>\n<p>Un moment de partage de savoirs pour les CE1 et de transmission pour la p\u00e9rennisation du projet jardin par les CP.<\/p>\n<div style=\"width: 480px;\" class=\"wp-video\"><!--[if lt IE 9]><script>document.createElement('video');<\/script><![endif]-->\n<video class=\"wp-video-shortcode\" id=\"video-30191-1\" width=\"480\" height=\"368\" preload=\"metadata\" controls=\"controls\"><source type=\"video\/mp4\" src=\"https:\/\/coueron-st-symphorien.fr\/wp-content\/uploads\/2021\/10\/VM_Video_1635174012212.mp4?_=1\" \/><a href=\"https:\/\/coueron-st-symphorien.fr\/wp-content\/uploads\/2021\/10\/VM_Video_1635174012212.mp4\">https:\/\/coueron-st-symphorien.fr\/wp-content\/uploads\/2021\/10\/VM_Video_1635174012212.mp4<\/a><\/video><\/div>\n","protected":false},"excerpt":{"rendered":"<p>La remise officielle des clefs du jardin c&rsquo;est d\u00e9roul\u00e9e le jeudi 21 octobre en pr\u00e9sence des classes de CP et CE1. Un moment de partage de savoirs pour les CE1 et de transmission pour la p\u00e9rennisation du projet jardin par les CP.<\/p>\n","protected":false},"author":17,"featured_media":0,"comment_status":"closed","ping_status":"closed","sticky":false,"template":"","format":"standard","meta":{"ngg_post_thumbnail":0,"footnotes":""},"categories":[16,15],"tags":[],"_links":{"self":[{"href":"https:\/\/coueron-st-symphorien.fr\/index.php?rest_route=\/wp\/v2\/posts\/30191"}],"collection":[{"href":"https:\/\/coueron-st-symphorien.fr\/index.php?rest_route=\/wp\/v2\/posts"}],"about":[{"href":"https:\/\/coueron-st-symphorien.fr\/index.php?rest_route=\/wp\/v2\/types\/post"}],"author":[{"embeddable":true,"href":"https:\/\/coueron-st-symphorien.fr\/index.php?rest_route=\/wp\/v2\/users\/17"}],"replies":[{"embeddable":true,"href":"https:\/\/coueron-st-symphorien.fr\/index.php?rest_route=%2Fwp%2Fv2%2Fcomments&post=30191"}],"version-history":[{"count":2,"href":"https:\/\/coueron-st-symphorien.fr\/index.php?rest_route=\/wp\/v2\/posts\/30191\/revisions"}],"predecessor-version":[{"id":32033,"href":"https:\/\/coueron-st-symphorien.fr\/index.php?rest_route=\/wp\/v2\/posts\/30191\/revisions\/32033"}],"wp:attachment":[{"href":"https:\/\/coueron-st-symphorien.fr\/index.php?rest_route=%2Fwp%2Fv2%2Fmedia&parent=30191"}],"wp:term":[{"taxonomy":"category","embeddable":true,"href":"https:\/\/coueron-st-symphorien.fr\/index.php?rest_route=%2Fwp%2Fv2%2Fcategories&post=30191"},{"taxonomy":"post_tag","embeddable":true,"href":"https:\/\/coueron-st-symphorien.fr\/index.php?rest_route=%2Fwp%2Fv2%2Ftags&post=30191"}],"curies":[{"name":"wp","href":"https:\/\/api.w.org\/{rel}","templated":true}]}}