{"id":30161,"date":"2021-10-23T08:12:45","date_gmt":"2021-10-23T07:12:45","guid":{"rendered":"https:\/\/coueron-st-symphorien.fr\/?p=30161"},"modified":"2021-10-23T08:12:45","modified_gmt":"2021-10-23T07:12:45","slug":"une-journee-a-la-ferme","status":"publish","type":"post","link":"https:\/\/coueron-st-symphorien.fr\/?p=30161","title":{"rendered":"Une journ\u00e9e \u00e0 la ferme"},"content":{"rendered":"<p style=\"text-align: center\">Vendredi 22 octobre, nous nous sommes rendus \u00e0 Frossay en car direction la Ferme p\u00e9dagogique et mara\u00eech\u00e8re de Sergonne de Laure et Vincent.<\/p>\n<p style=\"text-align: center\">Au programme : parcours nature moteur, cr\u00e9ation de bombes de graines de radis, manipulation des outils du mara\u00eecher, visite de l&rsquo;exploitation, des champs, des serres, des brebis puis cueillette de l\u00e9gumes de saison.<\/p>\n<p style=\"text-align: center\">Une journ\u00e9e enrichissante, sous le soleil d&rsquo;octobre, qui s&rsquo;est termin\u00e9e \u00e0 l&rsquo;\u00e9cole par la plantation de nos bombes de graines et la d\u00e9gustation de nos l\u00e9gumes crus !&nbsp;<\/p>\nngg_shortcode_0_placeholder\n","protected":false},"excerpt":{"rendered":"<p>Vendredi 22 octobre, nous nous sommes rendus \u00e0 Frossay en car direction la Ferme p\u00e9dagogique et mara\u00eech\u00e8re de Sergonne de Laure et Vincent. Au programme : parcours nature moteur, cr\u00e9ation de bombes de graines de radis, manipulation des outils du mara\u00eecher, visite de l&rsquo;exploitation, des champs, des serres, des brebis puis cueillette de l\u00e9gumes de<\/p>\n<p><a href=\"https:\/\/coueron-st-symphorien.fr\/?p=30161\" class=\"more-link themebutton\">Lire la suite<\/a><\/p>\n","protected":false},"author":19,"featured_media":0,"comment_status":"closed","ping_status":"closed","sticky":false,"template":"","format":"standard","meta":{"ngg_post_thumbnail":0,"footnotes":""},"categories":[75],"tags":[],"_links":{"self":[{"href":"https:\/\/coueron-st-symphorien.fr\/index.php?rest_route=\/wp\/v2\/posts\/30161"}],"collection":[{"href":"https:\/\/coueron-st-symphorien.fr\/index.php?rest_route=\/wp\/v2\/posts"}],"about":[{"href":"https:\/\/coueron-st-symphorien.fr\/index.php?rest_route=\/wp\/v2\/types\/post"}],"author":[{"embeddable":true,"href":"https:\/\/coueron-st-symphorien.fr\/index.php?rest_route=\/wp\/v2\/users\/19"}],"replies":[{"embeddable":true,"href":"https:\/\/coueron-st-symphorien.fr\/index.php?rest_route=%2Fwp%2Fv2%2Fcomments&post=30161"}],"version-history":[{"count":1,"href":"https:\/\/coueron-st-symphorien.fr\/index.php?rest_route=\/wp\/v2\/posts\/30161\/revisions"}],"predecessor-version":[{"id":30162,"href":"https:\/\/coueron-st-symphorien.fr\/index.php?rest_route=\/wp\/v2\/posts\/30161\/revisions\/30162"}],"wp:attachment":[{"href":"https:\/\/coueron-st-symphorien.fr\/index.php?rest_route=%2Fwp%2Fv2%2Fmedia&parent=30161"}],"wp:term":[{"taxonomy":"category","embeddable":true,"href":"https:\/\/coueron-st-symphorien.fr\/index.php?rest_route=%2Fwp%2Fv2%2Fcategories&post=30161"},{"taxonomy":"post_tag","embeddable":true,"href":"https:\/\/coueron-st-symphorien.fr\/index.php?rest_route=%2Fwp%2Fv2%2Ftags&post=30161"}],"curies":[{"name":"wp","href":"https:\/\/api.w.org\/{rel}","templated":true}]}}