{"id":29810,"date":"2021-10-16T13:49:20","date_gmt":"2021-10-16T12:49:20","guid":{"rendered":"https:\/\/coueron-st-symphorien.fr\/?p=29810"},"modified":"2021-10-16T13:52:12","modified_gmt":"2021-10-16T12:52:12","slug":"les-matinees-artistiques-de-septembre","status":"publish","type":"post","link":"https:\/\/coueron-st-symphorien.fr\/?p=29810","title":{"rendered":"LES MATINEES ARTISTIQUES DE SEPTEMBRE"},"content":{"rendered":"<p>c&rsquo;est avec un r\u00e9el plaisir que les enfants participent tous les mercredis \u00e0 des matin\u00e9es artistiques vari\u00e9es et anim\u00e9es!!!!<\/p>\n<p>&nbsp;<\/p>\nngg_shortcode_0_placeholder\n","protected":false},"excerpt":{"rendered":"<p>c&rsquo;est avec un r\u00e9el plaisir que les enfants participent tous les mercredis \u00e0 des matin\u00e9es artistiques vari\u00e9es et anim\u00e9es!!!! &nbsp;<\/p>\n","protected":false},"author":8,"featured_media":0,"comment_status":"closed","ping_status":"closed","sticky":false,"template":"","format":"standard","meta":{"ngg_post_thumbnail":0,"footnotes":""},"categories":[13],"tags":[],"_links":{"self":[{"href":"https:\/\/coueron-st-symphorien.fr\/index.php?rest_route=\/wp\/v2\/posts\/29810"}],"collection":[{"href":"https:\/\/coueron-st-symphorien.fr\/index.php?rest_route=\/wp\/v2\/posts"}],"about":[{"href":"https:\/\/coueron-st-symphorien.fr\/index.php?rest_route=\/wp\/v2\/types\/post"}],"author":[{"embeddable":true,"href":"https:\/\/coueron-st-symphorien.fr\/index.php?rest_route=\/wp\/v2\/users\/8"}],"replies":[{"embeddable":true,"href":"https:\/\/coueron-st-symphorien.fr\/index.php?rest_route=%2Fwp%2Fv2%2Fcomments&post=29810"}],"version-history":[{"count":2,"href":"https:\/\/coueron-st-symphorien.fr\/index.php?rest_route=\/wp\/v2\/posts\/29810\/revisions"}],"predecessor-version":[{"id":29851,"href":"https:\/\/coueron-st-symphorien.fr\/index.php?rest_route=\/wp\/v2\/posts\/29810\/revisions\/29851"}],"wp:attachment":[{"href":"https:\/\/coueron-st-symphorien.fr\/index.php?rest_route=%2Fwp%2Fv2%2Fmedia&parent=29810"}],"wp:term":[{"taxonomy":"category","embeddable":true,"href":"https:\/\/coueron-st-symphorien.fr\/index.php?rest_route=%2Fwp%2Fv2%2Fcategories&post=29810"},{"taxonomy":"post_tag","embeddable":true,"href":"https:\/\/coueron-st-symphorien.fr\/index.php?rest_route=%2Fwp%2Fv2%2Ftags&post=29810"}],"curies":[{"name":"wp","href":"https:\/\/api.w.org\/{rel}","templated":true}]}}