{"id":29780,"date":"2021-09-29T17:30:01","date_gmt":"2021-09-29T16:30:01","guid":{"rendered":"https:\/\/coueron-st-symphorien.fr\/?p=29780"},"modified":"2021-09-29T17:30:01","modified_gmt":"2021-09-29T16:30:01","slug":"la-decouverte-du-jardin-des-plantes","status":"publish","type":"post","link":"https:\/\/coueron-st-symphorien.fr\/?p=29780","title":{"rendered":"La d\u00e9couverte du Jardin des plantes !"},"content":{"rendered":"<p style=\"text-align: center\">Mardi 28 septembre, nous avons march\u00e9 jusqu\u2019\u00e0 la gare de Cou\u00ebron pour nous rendre en TER \u00e0 Nantes direction le jardin des plantes pour une chasse au tr\u00e9sor des bonhommes de l\u2019artiste Jean Jullien. Apr\u00e8s une pause gourmande bien m\u00e9rit\u00e9e, les \u00e9quipes sont parties \u00e0 la recherche des 9 g\u00e9ants de m\u00e9tal diss\u00e9min\u00e9s dans le parc. Ce fut l\u2019occasion de nombreuses observations de la flore et du potager du jardin. Cette matin\u00e9e s\u2019est cl\u00f4tur\u00e9e par un pique-nique tr\u00e8s attendu dans l\u2019aire de jeux D\u00e9pod\u00e9po pens\u00e9 par Claude PONTI.<\/p>\nngg_shortcode_0_placeholder\n","protected":false},"excerpt":{"rendered":"<p>Mardi 28 septembre, nous avons march\u00e9 jusqu\u2019\u00e0 la gare de Cou\u00ebron pour nous rendre en TER \u00e0 Nantes direction le jardin des plantes pour une chasse au tr\u00e9sor des bonhommes de l\u2019artiste Jean Jullien. Apr\u00e8s une pause gourmande bien m\u00e9rit\u00e9e, les \u00e9quipes sont parties \u00e0 la recherche des 9 g\u00e9ants de m\u00e9tal diss\u00e9min\u00e9s dans le<\/p>\n<p><a href=\"https:\/\/coueron-st-symphorien.fr\/?p=29780\" class=\"more-link themebutton\">Lire la suite<\/a><\/p>\n","protected":false},"author":19,"featured_media":0,"comment_status":"closed","ping_status":"closed","sticky":false,"template":"","format":"standard","meta":{"ngg_post_thumbnail":0,"footnotes":""},"categories":[75],"tags":[],"_links":{"self":[{"href":"https:\/\/coueron-st-symphorien.fr\/index.php?rest_route=\/wp\/v2\/posts\/29780"}],"collection":[{"href":"https:\/\/coueron-st-symphorien.fr\/index.php?rest_route=\/wp\/v2\/posts"}],"about":[{"href":"https:\/\/coueron-st-symphorien.fr\/index.php?rest_route=\/wp\/v2\/types\/post"}],"author":[{"embeddable":true,"href":"https:\/\/coueron-st-symphorien.fr\/index.php?rest_route=\/wp\/v2\/users\/19"}],"replies":[{"embeddable":true,"href":"https:\/\/coueron-st-symphorien.fr\/index.php?rest_route=%2Fwp%2Fv2%2Fcomments&post=29780"}],"version-history":[{"count":1,"href":"https:\/\/coueron-st-symphorien.fr\/index.php?rest_route=\/wp\/v2\/posts\/29780\/revisions"}],"predecessor-version":[{"id":29781,"href":"https:\/\/coueron-st-symphorien.fr\/index.php?rest_route=\/wp\/v2\/posts\/29780\/revisions\/29781"}],"wp:attachment":[{"href":"https:\/\/coueron-st-symphorien.fr\/index.php?rest_route=%2Fwp%2Fv2%2Fmedia&parent=29780"}],"wp:term":[{"taxonomy":"category","embeddable":true,"href":"https:\/\/coueron-st-symphorien.fr\/index.php?rest_route=%2Fwp%2Fv2%2Fcategories&post=29780"},{"taxonomy":"post_tag","embeddable":true,"href":"https:\/\/coueron-st-symphorien.fr\/index.php?rest_route=%2Fwp%2Fv2%2Ftags&post=29780"}],"curies":[{"name":"wp","href":"https:\/\/api.w.org\/{rel}","templated":true}]}}