{"id":2969,"date":"2017-06-29T22:04:57","date_gmt":"2017-06-29T21:04:57","guid":{"rendered":"https:\/\/coueron-st-symphorien.fr\/?p=2969"},"modified":"2017-06-29T22:04:57","modified_gmt":"2017-06-29T21:04:57","slug":"dejeuner-au-restaurant-comme-les-grands","status":"publish","type":"post","link":"https:\/\/coueron-st-symphorien.fr\/?p=2969","title":{"rendered":"D\u00e9jeuner au restaurant comme les grands!"},"content":{"rendered":"<p>Lundi 26 juin nous sommes all\u00e9s entre anges-gardiens au restaurant Le Fran\u00e7ois 2 pour d\u00e9guster un d\u00e9licieux repas. Nous \u00e9tions tous bien habill\u00e9s et avons \u00e9t\u00e9 re\u00e7us comme des grands! Aperitif (<em>p\u00e9tillant avec goug\u00e8re et roul\u00e9 au fromage)<\/em>, entr\u00e9e (<em>gaufre de pomme de terre \u00e0 la truite)<\/em>, plat (<em>m\u00e9daillon de pintade farcie \u00e0 la tome de Cou\u00ebron, perles et carotte a l&rsquo;orange)&nbsp;<\/em>et dessert (<em>d\u00e9lice aux fraises)&nbsp;<\/em>ont ravis nos papilles&#8230; Merci Madame et Monsieur Evain!<\/p>\nngg_shortcode_0_placeholder\n","protected":false},"excerpt":{"rendered":"<p>Lundi 26 juin nous sommes all\u00e9s entre anges-gardiens au restaurant Le Fran\u00e7ois 2 pour d\u00e9guster un d\u00e9licieux repas. Nous \u00e9tions tous bien habill\u00e9s et avons \u00e9t\u00e9 re\u00e7us comme des grands! Aperitif (p\u00e9tillant avec goug\u00e8re et roul\u00e9 au fromage), entr\u00e9e (gaufre de pomme de terre \u00e0 la truite), plat (m\u00e9daillon de pintade farcie \u00e0 la tome<\/p>\n<p><a href=\"https:\/\/coueron-st-symphorien.fr\/?p=2969\" class=\"more-link themebutton\">Lire la suite<\/a><\/p>\n","protected":false},"author":4,"featured_media":0,"comment_status":"closed","ping_status":"closed","sticky":false,"template":"","format":"standard","meta":{"ngg_post_thumbnail":0,"footnotes":""},"categories":[13,11],"tags":[],"_links":{"self":[{"href":"https:\/\/coueron-st-symphorien.fr\/index.php?rest_route=\/wp\/v2\/posts\/2969"}],"collection":[{"href":"https:\/\/coueron-st-symphorien.fr\/index.php?rest_route=\/wp\/v2\/posts"}],"about":[{"href":"https:\/\/coueron-st-symphorien.fr\/index.php?rest_route=\/wp\/v2\/types\/post"}],"author":[{"embeddable":true,"href":"https:\/\/coueron-st-symphorien.fr\/index.php?rest_route=\/wp\/v2\/users\/4"}],"replies":[{"embeddable":true,"href":"https:\/\/coueron-st-symphorien.fr\/index.php?rest_route=%2Fwp%2Fv2%2Fcomments&post=2969"}],"version-history":[{"count":1,"href":"https:\/\/coueron-st-symphorien.fr\/index.php?rest_route=\/wp\/v2\/posts\/2969\/revisions"}],"predecessor-version":[{"id":2970,"href":"https:\/\/coueron-st-symphorien.fr\/index.php?rest_route=\/wp\/v2\/posts\/2969\/revisions\/2970"}],"wp:attachment":[{"href":"https:\/\/coueron-st-symphorien.fr\/index.php?rest_route=%2Fwp%2Fv2%2Fmedia&parent=2969"}],"wp:term":[{"taxonomy":"category","embeddable":true,"href":"https:\/\/coueron-st-symphorien.fr\/index.php?rest_route=%2Fwp%2Fv2%2Fcategories&post=2969"},{"taxonomy":"post_tag","embeddable":true,"href":"https:\/\/coueron-st-symphorien.fr\/index.php?rest_route=%2Fwp%2Fv2%2Ftags&post=2969"}],"curies":[{"name":"wp","href":"https:\/\/api.w.org\/{rel}","templated":true}]}}