{"id":29619,"date":"2021-09-29T16:18:39","date_gmt":"2021-09-29T15:18:39","guid":{"rendered":"https:\/\/coueron-st-symphorien.fr\/?p=29619"},"modified":"2021-09-29T16:18:39","modified_gmt":"2021-09-29T15:18:39","slug":"election-des-delegues-5","status":"publish","type":"post","link":"https:\/\/coueron-st-symphorien.fr\/?p=29619","title":{"rendered":"Election des d\u00e9l\u00e9gu\u00e9s"},"content":{"rendered":"<p>Ce mardi 28 septembre, nous avons \u00e9lu nos d\u00e9l\u00e9gu\u00e9s. Apr\u00e8s une campagne \u00e9lectorale de 2 semaines pendant lesquelles les candidats nous ont pr\u00e9sent\u00e9 leur affiche et leur programme, nous sommes all\u00e9s dans la salle polyvalente pour proc\u00e9der au vote.<\/p>\n<p>Liste \u00e9lectorale, isoloir, urne, liste d&rsquo;\u00e9margement, tout y \u00e9tait pour cr\u00e9er les conditions de vraies \u00e9lections.<\/p>\n<p>En CM1, apr\u00e8s une troisi\u00e8me tour, Gustave a \u00e9t\u00e9 \u00e9lu d\u00e9l\u00e9gu\u00e9. Julie est sa suppl\u00e9ante.<\/p>\n<p>En CM2, d\u00e8s le premier tour, Soan a \u00e9t\u00e9 \u00e9lu d\u00e9l\u00e9gu\u00e9. Enora est sa suppl\u00e9ante.<\/p>\nngg_shortcode_0_placeholder\n","protected":false},"excerpt":{"rendered":"<p>Ce mardi 28 septembre, nous avons \u00e9lu nos d\u00e9l\u00e9gu\u00e9s. Apr\u00e8s une campagne \u00e9lectorale de 2 semaines pendant lesquelles les candidats nous ont pr\u00e9sent\u00e9 leur affiche et leur programme, nous sommes all\u00e9s dans la salle polyvalente pour proc\u00e9der au vote. Liste \u00e9lectorale, isoloir, urne, liste d&rsquo;\u00e9margement, tout y \u00e9tait pour cr\u00e9er les conditions de vraies \u00e9lections.<\/p>\n<p><a href=\"https:\/\/coueron-st-symphorien.fr\/?p=29619\" class=\"more-link themebutton\">Lire la suite<\/a><\/p>\n","protected":false},"author":7,"featured_media":0,"comment_status":"closed","ping_status":"closed","sticky":false,"template":"","format":"standard","meta":{"ngg_post_thumbnail":0,"footnotes":""},"categories":[21],"tags":[],"_links":{"self":[{"href":"https:\/\/coueron-st-symphorien.fr\/index.php?rest_route=\/wp\/v2\/posts\/29619"}],"collection":[{"href":"https:\/\/coueron-st-symphorien.fr\/index.php?rest_route=\/wp\/v2\/posts"}],"about":[{"href":"https:\/\/coueron-st-symphorien.fr\/index.php?rest_route=\/wp\/v2\/types\/post"}],"author":[{"embeddable":true,"href":"https:\/\/coueron-st-symphorien.fr\/index.php?rest_route=\/wp\/v2\/users\/7"}],"replies":[{"embeddable":true,"href":"https:\/\/coueron-st-symphorien.fr\/index.php?rest_route=%2Fwp%2Fv2%2Fcomments&post=29619"}],"version-history":[{"count":1,"href":"https:\/\/coueron-st-symphorien.fr\/index.php?rest_route=\/wp\/v2\/posts\/29619\/revisions"}],"predecessor-version":[{"id":29699,"href":"https:\/\/coueron-st-symphorien.fr\/index.php?rest_route=\/wp\/v2\/posts\/29619\/revisions\/29699"}],"wp:attachment":[{"href":"https:\/\/coueron-st-symphorien.fr\/index.php?rest_route=%2Fwp%2Fv2%2Fmedia&parent=29619"}],"wp:term":[{"taxonomy":"category","embeddable":true,"href":"https:\/\/coueron-st-symphorien.fr\/index.php?rest_route=%2Fwp%2Fv2%2Fcategories&post=29619"},{"taxonomy":"post_tag","embeddable":true,"href":"https:\/\/coueron-st-symphorien.fr\/index.php?rest_route=%2Fwp%2Fv2%2Ftags&post=29619"}],"curies":[{"name":"wp","href":"https:\/\/api.w.org\/{rel}","templated":true}]}}