{"id":29570,"date":"2021-09-28T16:43:15","date_gmt":"2021-09-28T15:43:15","guid":{"rendered":"https:\/\/coueron-st-symphorien.fr\/?p=29570"},"modified":"2021-09-28T16:43:15","modified_gmt":"2021-09-28T15:43:15","slug":"election-des-delegues-septembre-2021-ce1-ce2","status":"publish","type":"post","link":"https:\/\/coueron-st-symphorien.fr\/?p=29570","title":{"rendered":"Election des d\u00e9l\u00e9gu\u00e9s, septembre 2021 CE1\/CE2"},"content":{"rendered":"<p>Aujourd&rsquo;hui, mardi 28 septembre 2021, nous avons fait l&rsquo;\u00e9lection des d\u00e9l\u00e9gu\u00e9s. La salle polyvalente \u00e9tait install\u00e9e en bureau de vote. Nous avons pr\u00e9sent\u00e9 notre carte d&rsquo;\u00e9lecteur aux assesseurs, nous avons pris les bulletins de vote des diff\u00e9rents candidats qui avaient fait campagne. Puis dans l&rsquo;isoloir nous avons fait notre choix, nous avons mis notre enveloppe dans l&rsquo;urne et avons sign\u00e9 la liste d&rsquo;\u00e9margement. Nous connaissons maintenant tout ce vocabulaire.&nbsp;<\/p>\n<p>Ensuite en classe nous avons proc\u00e9d\u00e9 au d\u00e9pouillement et avons r\u00e9dig\u00e9 le proc\u00e8s verbal de l&rsquo;\u00e9lection.<\/p>\n<p>Pour notre classe les d\u00e9l\u00e9gu\u00e9.e.s et suppl\u00e9ant.e.s sont :<\/p>\n<p>CE2 : Manon Gabriel d\u00e9l\u00e9gu\u00e9e et Laurette Messiac suppl\u00e9ante.<\/p>\n<p>CE1 : Agathe Gandou d\u00e9l\u00e9gu\u00e9e et Lucas Ledoux suppl\u00e9ant.<\/p>\nngg_shortcode_0_placeholder\n","protected":false},"excerpt":{"rendered":"<p>Aujourd&rsquo;hui, mardi 28 septembre 2021, nous avons fait l&rsquo;\u00e9lection des d\u00e9l\u00e9gu\u00e9s. La salle polyvalente \u00e9tait install\u00e9e en bureau de vote. Nous avons pr\u00e9sent\u00e9 notre carte d&rsquo;\u00e9lecteur aux assesseurs, nous avons pris les bulletins de vote des diff\u00e9rents candidats qui avaient fait campagne. Puis dans l&rsquo;isoloir nous avons fait notre choix, nous avons mis notre enveloppe<\/p>\n<p><a href=\"https:\/\/coueron-st-symphorien.fr\/?p=29570\" class=\"more-link themebutton\">Lire la suite<\/a><\/p>\n","protected":false},"author":6,"featured_media":0,"comment_status":"closed","ping_status":"closed","sticky":false,"template":"","format":"standard","meta":{"ngg_post_thumbnail":0,"footnotes":""},"categories":[17,18],"tags":[],"_links":{"self":[{"href":"https:\/\/coueron-st-symphorien.fr\/index.php?rest_route=\/wp\/v2\/posts\/29570"}],"collection":[{"href":"https:\/\/coueron-st-symphorien.fr\/index.php?rest_route=\/wp\/v2\/posts"}],"about":[{"href":"https:\/\/coueron-st-symphorien.fr\/index.php?rest_route=\/wp\/v2\/types\/post"}],"author":[{"embeddable":true,"href":"https:\/\/coueron-st-symphorien.fr\/index.php?rest_route=\/wp\/v2\/users\/6"}],"replies":[{"embeddable":true,"href":"https:\/\/coueron-st-symphorien.fr\/index.php?rest_route=%2Fwp%2Fv2%2Fcomments&post=29570"}],"version-history":[{"count":2,"href":"https:\/\/coueron-st-symphorien.fr\/index.php?rest_route=\/wp\/v2\/posts\/29570\/revisions"}],"predecessor-version":[{"id":29594,"href":"https:\/\/coueron-st-symphorien.fr\/index.php?rest_route=\/wp\/v2\/posts\/29570\/revisions\/29594"}],"wp:attachment":[{"href":"https:\/\/coueron-st-symphorien.fr\/index.php?rest_route=%2Fwp%2Fv2%2Fmedia&parent=29570"}],"wp:term":[{"taxonomy":"category","embeddable":true,"href":"https:\/\/coueron-st-symphorien.fr\/index.php?rest_route=%2Fwp%2Fv2%2Fcategories&post=29570"},{"taxonomy":"post_tag","embeddable":true,"href":"https:\/\/coueron-st-symphorien.fr\/index.php?rest_route=%2Fwp%2Fv2%2Ftags&post=29570"}],"curies":[{"name":"wp","href":"https:\/\/api.w.org\/{rel}","templated":true}]}}