{"id":29562,"date":"2021-09-28T11:23:35","date_gmt":"2021-09-28T10:23:35","guid":{"rendered":"https:\/\/coueron-st-symphorien.fr\/?p=29562"},"modified":"2021-09-28T11:23:35","modified_gmt":"2021-09-28T10:23:35","slug":"les-elections-des-delegues-de-la-classe-de-ce1","status":"publish","type":"post","link":"https:\/\/coueron-st-symphorien.fr\/?p=29562","title":{"rendered":"Les \u00e9lections des d\u00e9l\u00e9gu\u00e9s de la classe de CE1"},"content":{"rendered":"<p>Un grand moment de citoyennet\u00e9&nbsp;!<\/p>\n<p>Avant de faire l\u2019\u00e9lection des d\u00e9l\u00e9gu\u00e9s, nous avons d\u00e9fini le r\u00f4le d\u2019un d\u00e9l\u00e9gu\u00e9&nbsp;: il doit \u00eatre le porte-parole de la classe dans l&rsquo;\u00e9cole, il participe aux d\u00e9cisions prises dans l\u2019\u00e9cole afin d\u2019y am\u00e9liorer la qualit\u00e9 de vie, r\u00e9soudre des probl\u00e8mes&#8230;<\/p>\n<p>Nous avons aussi travaill\u00e9 sur les diff\u00e9rentes \u00e9tapes d\u2019une \u00e9lection et expliqu\u00e9 le lexique qui s\u2019y rapporte. Chaque \u00e9l\u00e8ve devait r\u00e9fl\u00e9chir s\u2019il se portait candidat et d\u00e9poser sa fiche de candidature s\u2019il le souhaitait. Il a aussi d\u00fb faire sa campagne \u00e9lectorale&nbsp;!<\/p>\n<p>Voici quelques slogans propos\u00e9s par les candidats de CE1&nbsp;:<\/p>\n<p><span style=\"color: #ff6600\"><em>Votez Camille la chenille&nbsp;!<\/em><\/span><\/p>\n<p><span style=\"color: #00ff00\"><em>Avec Ana\u00ebl l\u2019ann\u00e9e sera exceptionnelle&nbsp;!<\/em><\/span><\/p>\n<p><em><span style=\"color: #00ccff\">Avec Gabrielle, la vie est belle&nbsp;<\/span>!<\/em><\/p>\n<p><span style=\"color: #ff99cc\"><em>Avec Lucie, sans aucun souci, vous aurez une ann\u00e9e r\u00e9ussie&nbsp;!<\/em><\/span><\/p>\n<p><span style=\"color: #666699\"><em>Avec Hugo, tout est beau&nbsp;!<\/em><\/span><\/p>\n<p>Le mardi 28 septembre, nous avons \u00e9lu un d\u00e9l\u00e9gu\u00e9 et son suppl\u00e9ant. <strong><span style=\"color: #99cc00\">Camille<\/span> <\/strong>a \u00e9t\u00e9 \u00e9lue d\u00e9l\u00e9gu\u00e9e et <strong><span style=\"color: #99cc00\">Ana\u00ebl<\/span> <\/strong>d\u00e9l\u00e9gu\u00e9e suppl\u00e9ante.<\/p>\n<p>Nous avons suivi presque le m\u00eame d\u00e9roulement que les \u00e9lections des citoyens fran\u00e7ais. Les \u00e9l\u00e8ves ont mis leur enveloppe dans une \u00ab&nbsp;vraie&nbsp;\u00bb urne. Ils sont pass\u00e9s dans l\u2019isoloir et ont \u00e9marg\u00e9. Chaque \u00e9l\u00e8ve devait avoir sa carte d\u2019identit\u00e9 scolaire pour avoir le droit de voter.<\/p>\n<p><span style=\"color: #ff0000\"><strong><em>A vot\u00e9&nbsp;!<\/em><\/strong><\/span><\/p>\nngg_shortcode_0_placeholder\n","protected":false},"excerpt":{"rendered":"<p>Un grand moment de citoyennet\u00e9&nbsp;! Avant de faire l\u2019\u00e9lection des d\u00e9l\u00e9gu\u00e9s, nous avons d\u00e9fini le r\u00f4le d\u2019un d\u00e9l\u00e9gu\u00e9&nbsp;: il doit \u00eatre le porte-parole de la classe dans l&rsquo;\u00e9cole, il participe aux d\u00e9cisions prises dans l\u2019\u00e9cole afin d\u2019y am\u00e9liorer la qualit\u00e9 de vie, r\u00e9soudre des probl\u00e8mes&#8230; Nous avons aussi travaill\u00e9 sur les diff\u00e9rentes \u00e9tapes d\u2019une \u00e9lection<\/p>\n<p><a href=\"https:\/\/coueron-st-symphorien.fr\/?p=29562\" class=\"more-link themebutton\">Lire la suite<\/a><\/p>\n","protected":false},"author":14,"featured_media":0,"comment_status":"closed","ping_status":"closed","sticky":false,"template":"","format":"standard","meta":{"ngg_post_thumbnail":0,"footnotes":""},"categories":[17],"tags":[],"_links":{"self":[{"href":"https:\/\/coueron-st-symphorien.fr\/index.php?rest_route=\/wp\/v2\/posts\/29562"}],"collection":[{"href":"https:\/\/coueron-st-symphorien.fr\/index.php?rest_route=\/wp\/v2\/posts"}],"about":[{"href":"https:\/\/coueron-st-symphorien.fr\/index.php?rest_route=\/wp\/v2\/types\/post"}],"author":[{"embeddable":true,"href":"https:\/\/coueron-st-symphorien.fr\/index.php?rest_route=\/wp\/v2\/users\/14"}],"replies":[{"embeddable":true,"href":"https:\/\/coueron-st-symphorien.fr\/index.php?rest_route=%2Fwp%2Fv2%2Fcomments&post=29562"}],"version-history":[{"count":1,"href":"https:\/\/coueron-st-symphorien.fr\/index.php?rest_route=\/wp\/v2\/posts\/29562\/revisions"}],"predecessor-version":[{"id":29563,"href":"https:\/\/coueron-st-symphorien.fr\/index.php?rest_route=\/wp\/v2\/posts\/29562\/revisions\/29563"}],"wp:attachment":[{"href":"https:\/\/coueron-st-symphorien.fr\/index.php?rest_route=%2Fwp%2Fv2%2Fmedia&parent=29562"}],"wp:term":[{"taxonomy":"category","embeddable":true,"href":"https:\/\/coueron-st-symphorien.fr\/index.php?rest_route=%2Fwp%2Fv2%2Fcategories&post=29562"},{"taxonomy":"post_tag","embeddable":true,"href":"https:\/\/coueron-st-symphorien.fr\/index.php?rest_route=%2Fwp%2Fv2%2Ftags&post=29562"}],"curies":[{"name":"wp","href":"https:\/\/api.w.org\/{rel}","templated":true}]}}