{"id":29514,"date":"2021-09-22T13:12:33","date_gmt":"2021-09-22T12:12:33","guid":{"rendered":"https:\/\/coueron-st-symphorien.fr\/?p=29514"},"modified":"2021-09-22T13:12:33","modified_gmt":"2021-09-22T12:12:33","slug":"les-ateliers-dart-sont-lances","status":"publish","type":"post","link":"https:\/\/coueron-st-symphorien.fr\/?p=29514","title":{"rendered":"Les ateliers d&rsquo;art sont lanc\u00e9s!"},"content":{"rendered":"<p style=\"text-align: center\">A vos marques, pr\u00eats, partez! Les ateliers d&rsquo;art ont d\u00e9but\u00e9 depuis quelques semaines dans la classe, tous les mercredis.<\/p>\n<p style=\"text-align: center\">Au programme : je peins, tu d\u00e9coupes, il colorie, nous tra\u00e7ons, vous d\u00e9chirez, nous collons, ils cr\u00e9ent.<\/p>\nngg_shortcode_0_placeholder\n","protected":false},"excerpt":{"rendered":"<p>A vos marques, pr\u00eats, partez! Les ateliers d&rsquo;art ont d\u00e9but\u00e9 depuis quelques semaines dans la classe, tous les mercredis. Au programme : je peins, tu d\u00e9coupes, il colorie, nous tra\u00e7ons, vous d\u00e9chirez, nous collons, ils cr\u00e9ent.<\/p>\n","protected":false},"author":19,"featured_media":0,"comment_status":"closed","ping_status":"closed","sticky":false,"template":"","format":"standard","meta":{"ngg_post_thumbnail":0,"footnotes":""},"categories":[75],"tags":[],"_links":{"self":[{"href":"https:\/\/coueron-st-symphorien.fr\/index.php?rest_route=\/wp\/v2\/posts\/29514"}],"collection":[{"href":"https:\/\/coueron-st-symphorien.fr\/index.php?rest_route=\/wp\/v2\/posts"}],"about":[{"href":"https:\/\/coueron-st-symphorien.fr\/index.php?rest_route=\/wp\/v2\/types\/post"}],"author":[{"embeddable":true,"href":"https:\/\/coueron-st-symphorien.fr\/index.php?rest_route=\/wp\/v2\/users\/19"}],"replies":[{"embeddable":true,"href":"https:\/\/coueron-st-symphorien.fr\/index.php?rest_route=%2Fwp%2Fv2%2Fcomments&post=29514"}],"version-history":[{"count":1,"href":"https:\/\/coueron-st-symphorien.fr\/index.php?rest_route=\/wp\/v2\/posts\/29514\/revisions"}],"predecessor-version":[{"id":29515,"href":"https:\/\/coueron-st-symphorien.fr\/index.php?rest_route=\/wp\/v2\/posts\/29514\/revisions\/29515"}],"wp:attachment":[{"href":"https:\/\/coueron-st-symphorien.fr\/index.php?rest_route=%2Fwp%2Fv2%2Fmedia&parent=29514"}],"wp:term":[{"taxonomy":"category","embeddable":true,"href":"https:\/\/coueron-st-symphorien.fr\/index.php?rest_route=%2Fwp%2Fv2%2Fcategories&post=29514"},{"taxonomy":"post_tag","embeddable":true,"href":"https:\/\/coueron-st-symphorien.fr\/index.php?rest_route=%2Fwp%2Fv2%2Ftags&post=29514"}],"curies":[{"name":"wp","href":"https:\/\/api.w.org\/{rel}","templated":true}]}}