{"id":29475,"date":"2021-09-22T12:45:32","date_gmt":"2021-09-22T11:45:32","guid":{"rendered":"https:\/\/coueron-st-symphorien.fr\/?p=29475"},"modified":"2021-09-22T12:45:32","modified_gmt":"2021-09-22T11:45:32","slug":"cest-la-fete-de-lautomne","status":"publish","type":"post","link":"https:\/\/coueron-st-symphorien.fr\/?p=29475","title":{"rendered":"C&rsquo;est la f\u00eate de l&rsquo;automne!"},"content":{"rendered":"<p style=\"text-align: center\">Chaque enfant avait rev\u00eatu aujourd&rsquo;hui un habit ou bien un accessoire orange, rouge ou marron en l&rsquo;honneur de la F\u00eate de l&rsquo;automne. Ils ont pu profiter d&rsquo;ateliers sur le th\u00e8me de l&rsquo;automne tels que trier les diff\u00e9rents fruits d&rsquo;automne, r\u00e9aliser des collections, colorier, \u00e9crire ou bien coller. Une matin\u00e9e tr\u00e8s sp\u00e9ciale dont voici quelques photographies :&nbsp;<\/p>\nngg_shortcode_0_placeholder\n","protected":false},"excerpt":{"rendered":"<p>Chaque enfant avait rev\u00eatu aujourd&rsquo;hui un habit ou bien un accessoire orange, rouge ou marron en l&rsquo;honneur de la F\u00eate de l&rsquo;automne. Ils ont pu profiter d&rsquo;ateliers sur le th\u00e8me de l&rsquo;automne tels que trier les diff\u00e9rents fruits d&rsquo;automne, r\u00e9aliser des collections, colorier, \u00e9crire ou bien coller. Une matin\u00e9e tr\u00e8s sp\u00e9ciale dont voici quelques photographies<\/p>\n<p><a href=\"https:\/\/coueron-st-symphorien.fr\/?p=29475\" class=\"more-link themebutton\">Lire la suite<\/a><\/p>\n","protected":false},"author":19,"featured_media":0,"comment_status":"closed","ping_status":"closed","sticky":false,"template":"","format":"standard","meta":{"ngg_post_thumbnail":0,"footnotes":""},"categories":[75],"tags":[],"_links":{"self":[{"href":"https:\/\/coueron-st-symphorien.fr\/index.php?rest_route=\/wp\/v2\/posts\/29475"}],"collection":[{"href":"https:\/\/coueron-st-symphorien.fr\/index.php?rest_route=\/wp\/v2\/posts"}],"about":[{"href":"https:\/\/coueron-st-symphorien.fr\/index.php?rest_route=\/wp\/v2\/types\/post"}],"author":[{"embeddable":true,"href":"https:\/\/coueron-st-symphorien.fr\/index.php?rest_route=\/wp\/v2\/users\/19"}],"replies":[{"embeddable":true,"href":"https:\/\/coueron-st-symphorien.fr\/index.php?rest_route=%2Fwp%2Fv2%2Fcomments&post=29475"}],"version-history":[{"count":1,"href":"https:\/\/coueron-st-symphorien.fr\/index.php?rest_route=\/wp\/v2\/posts\/29475\/revisions"}],"predecessor-version":[{"id":29476,"href":"https:\/\/coueron-st-symphorien.fr\/index.php?rest_route=\/wp\/v2\/posts\/29475\/revisions\/29476"}],"wp:attachment":[{"href":"https:\/\/coueron-st-symphorien.fr\/index.php?rest_route=%2Fwp%2Fv2%2Fmedia&parent=29475"}],"wp:term":[{"taxonomy":"category","embeddable":true,"href":"https:\/\/coueron-st-symphorien.fr\/index.php?rest_route=%2Fwp%2Fv2%2Fcategories&post=29475"},{"taxonomy":"post_tag","embeddable":true,"href":"https:\/\/coueron-st-symphorien.fr\/index.php?rest_route=%2Fwp%2Fv2%2Ftags&post=29475"}],"curies":[{"name":"wp","href":"https:\/\/api.w.org\/{rel}","templated":true}]}}