{"id":29448,"date":"2021-09-16T12:41:18","date_gmt":"2021-09-16T11:41:18","guid":{"rendered":"https:\/\/coueron-st-symphorien.fr\/?p=29448"},"modified":"2021-09-16T12:41:18","modified_gmt":"2021-09-16T11:41:18","slug":"la-fete-de-la-rentree-en-maternelle","status":"publish","type":"post","link":"https:\/\/coueron-st-symphorien.fr\/?p=29448","title":{"rendered":"La f\u00eate de la rentr\u00e9e en maternelle !!!"},"content":{"rendered":"<p style=\"text-align: center\">Jeudi matin, l&rsquo;ensemble des \u00e9l\u00e8ves de la maternelle se sont r\u00e9unis pour f\u00eater la rentr\u00e9e!&nbsp;<\/p>\n<p style=\"text-align: center\">Au programme :&nbsp;<\/p>\n<ul>\n<li style=\"text-align: left\">pr\u00e9sentation des nouveaux \u00e9l\u00e8ves et des nouvelles enseignantes<\/li>\n<li style=\"text-align: left\">pr\u00e9sentation et suspension des guirlandes de fleurs pour c\u00e9l\u00e9brer notre projet \u00ab\u00a0Tous au jardin!\u00a0\u00bb<\/li>\n<li style=\"text-align: left\">pr\u00e9sentation des diff\u00e9rentes mascottes<\/li>\n<li>chant de la rentr\u00e9e<\/li>\n<li style=\"text-align: left\">puis partage d&rsquo;un go\u00fbter gourmand!<\/li>\n<\/ul>\nngg_shortcode_0_placeholder\n","protected":false},"excerpt":{"rendered":"<p>Jeudi matin, l&rsquo;ensemble des \u00e9l\u00e8ves de la maternelle se sont r\u00e9unis pour f\u00eater la rentr\u00e9e!&nbsp; Au programme :&nbsp; pr\u00e9sentation des nouveaux \u00e9l\u00e8ves et des nouvelles enseignantes pr\u00e9sentation et suspension des guirlandes de fleurs pour c\u00e9l\u00e9brer notre projet \u00ab\u00a0Tous au jardin!\u00a0\u00bb pr\u00e9sentation des diff\u00e9rentes mascottes chant de la rentr\u00e9e puis partage d&rsquo;un go\u00fbter gourmand! &nbsp;<\/p>\n","protected":false},"author":19,"featured_media":0,"comment_status":"closed","ping_status":"closed","sticky":false,"template":"","format":"standard","meta":{"ngg_post_thumbnail":0,"footnotes":""},"categories":[14,13,75,12,11],"tags":[],"_links":{"self":[{"href":"https:\/\/coueron-st-symphorien.fr\/index.php?rest_route=\/wp\/v2\/posts\/29448"}],"collection":[{"href":"https:\/\/coueron-st-symphorien.fr\/index.php?rest_route=\/wp\/v2\/posts"}],"about":[{"href":"https:\/\/coueron-st-symphorien.fr\/index.php?rest_route=\/wp\/v2\/types\/post"}],"author":[{"embeddable":true,"href":"https:\/\/coueron-st-symphorien.fr\/index.php?rest_route=\/wp\/v2\/users\/19"}],"replies":[{"embeddable":true,"href":"https:\/\/coueron-st-symphorien.fr\/index.php?rest_route=%2Fwp%2Fv2%2Fcomments&post=29448"}],"version-history":[{"count":1,"href":"https:\/\/coueron-st-symphorien.fr\/index.php?rest_route=\/wp\/v2\/posts\/29448\/revisions"}],"predecessor-version":[{"id":29449,"href":"https:\/\/coueron-st-symphorien.fr\/index.php?rest_route=\/wp\/v2\/posts\/29448\/revisions\/29449"}],"wp:attachment":[{"href":"https:\/\/coueron-st-symphorien.fr\/index.php?rest_route=%2Fwp%2Fv2%2Fmedia&parent=29448"}],"wp:term":[{"taxonomy":"category","embeddable":true,"href":"https:\/\/coueron-st-symphorien.fr\/index.php?rest_route=%2Fwp%2Fv2%2Fcategories&post=29448"},{"taxonomy":"post_tag","embeddable":true,"href":"https:\/\/coueron-st-symphorien.fr\/index.php?rest_route=%2Fwp%2Fv2%2Ftags&post=29448"}],"curies":[{"name":"wp","href":"https:\/\/api.w.org\/{rel}","templated":true}]}}