{"id":29181,"date":"2021-06-23T19:53:53","date_gmt":"2021-06-23T18:53:53","guid":{"rendered":"https:\/\/coueron-st-symphorien.fr\/?p=29181"},"modified":"2021-06-23T19:53:53","modified_gmt":"2021-06-23T18:53:53","slug":"cap-sur-le-cp","status":"publish","type":"post","link":"https:\/\/coueron-st-symphorien.fr\/?p=29181","title":{"rendered":"Cap sur le cp &#8230;"},"content":{"rendered":"<p style=\"text-align: center\">Les \u00e9l\u00e8ves d&rsquo;Aur\u00e9lie et Val\u00e9rie nous ont accueillis pour r\u00e9pondre \u00e0 toutes nos interrogations sur la rentr\u00e9e prochaine. Ils nous ont pr\u00e9sent\u00e9 leur classe, leurs outils et racont\u00e9 leur quotidien. Gr\u00e2ce \u00e0 leurs valises, nous allons pouvoir apporter nos cahiers d&rsquo;\u00e9criture, nos livres \u00e0 compter, nos sous-mains &#8230; des supports que nous connaissons, bien dans nos futures classes.<\/p>\n<p style=\"text-align: center\">Nous voil\u00e0 rassur\u00e9s! MERCI LES CP !<\/p>\nngg_shortcode_0_placeholder\n","protected":false},"excerpt":{"rendered":"<p>Les \u00e9l\u00e8ves d&rsquo;Aur\u00e9lie et Val\u00e9rie nous ont accueillis pour r\u00e9pondre \u00e0 toutes nos interrogations sur la rentr\u00e9e prochaine. Ils nous ont pr\u00e9sent\u00e9 leur classe, leurs outils et racont\u00e9 leur quotidien. Gr\u00e2ce \u00e0 leurs valises, nous allons pouvoir apporter nos cahiers d&rsquo;\u00e9criture, nos livres \u00e0 compter, nos sous-mains &#8230; des supports que nous connaissons, bien dans<\/p>\n<p><a href=\"https:\/\/coueron-st-symphorien.fr\/?p=29181\" class=\"more-link themebutton\">Lire la suite<\/a><\/p>\n","protected":false},"author":19,"featured_media":0,"comment_status":"closed","ping_status":"closed","sticky":false,"template":"","format":"standard","meta":{"ngg_post_thumbnail":0,"footnotes":""},"categories":[75],"tags":[],"_links":{"self":[{"href":"https:\/\/coueron-st-symphorien.fr\/index.php?rest_route=\/wp\/v2\/posts\/29181"}],"collection":[{"href":"https:\/\/coueron-st-symphorien.fr\/index.php?rest_route=\/wp\/v2\/posts"}],"about":[{"href":"https:\/\/coueron-st-symphorien.fr\/index.php?rest_route=\/wp\/v2\/types\/post"}],"author":[{"embeddable":true,"href":"https:\/\/coueron-st-symphorien.fr\/index.php?rest_route=\/wp\/v2\/users\/19"}],"replies":[{"embeddable":true,"href":"https:\/\/coueron-st-symphorien.fr\/index.php?rest_route=%2Fwp%2Fv2%2Fcomments&post=29181"}],"version-history":[{"count":1,"href":"https:\/\/coueron-st-symphorien.fr\/index.php?rest_route=\/wp\/v2\/posts\/29181\/revisions"}],"predecessor-version":[{"id":29182,"href":"https:\/\/coueron-st-symphorien.fr\/index.php?rest_route=\/wp\/v2\/posts\/29181\/revisions\/29182"}],"wp:attachment":[{"href":"https:\/\/coueron-st-symphorien.fr\/index.php?rest_route=%2Fwp%2Fv2%2Fmedia&parent=29181"}],"wp:term":[{"taxonomy":"category","embeddable":true,"href":"https:\/\/coueron-st-symphorien.fr\/index.php?rest_route=%2Fwp%2Fv2%2Fcategories&post=29181"},{"taxonomy":"post_tag","embeddable":true,"href":"https:\/\/coueron-st-symphorien.fr\/index.php?rest_route=%2Fwp%2Fv2%2Ftags&post=29181"}],"curies":[{"name":"wp","href":"https:\/\/api.w.org\/{rel}","templated":true}]}}