{"id":2908,"date":"2017-06-21T18:15:26","date_gmt":"2017-06-21T17:15:26","guid":{"rendered":"https:\/\/coueron-st-symphorien.fr\/?p=2908"},"modified":"2017-06-21T18:15:26","modified_gmt":"2017-06-21T17:15:26","slug":"il-fait-trop-chaud-pour-travailler","status":"publish","type":"post","link":"https:\/\/coueron-st-symphorien.fr\/?p=2908","title":{"rendered":"Il fait trop chaud pour travailler&#8230;"},"content":{"rendered":"<p>Oui mais le soucis c&rsquo;est qu&rsquo;a l\u2019\u00e9cole on travaille! Alors ces derniers jours nous avons organis\u00e9 les choses un peu diff\u00e9remment&#8230; Les classes de Gaetane et C\u00e9cile ont fini par travailler dehors pendant que celles de Maryse et Delphine restaient bien calfeutr\u00e9es dans leur classe moins chaudes&#8230; et pendant la r\u00e9cr\u00e9ation les \u00e9l\u00e8ves ont \u00e9t\u00e9 asperg\u00e9s au jet d&rsquo;eau !!!<\/p>\nngg_shortcode_0_placeholder\n<p>&nbsp;<\/p>\n","protected":false},"excerpt":{"rendered":"<p>Oui mais le soucis c&rsquo;est qu&rsquo;a l\u2019\u00e9cole on travaille! Alors ces derniers jours nous avons organis\u00e9 les choses un peu diff\u00e9remment&#8230; Les classes de Gaetane et C\u00e9cile ont fini par travailler dehors pendant que celles de Maryse et Delphine restaient bien calfeutr\u00e9es dans leur classe moins chaudes&#8230; et pendant la r\u00e9cr\u00e9ation les \u00e9l\u00e8ves ont \u00e9t\u00e9<\/p>\n<p><a href=\"https:\/\/coueron-st-symphorien.fr\/?p=2908\" class=\"more-link themebutton\">Lire la suite<\/a><\/p>\n","protected":false},"author":4,"featured_media":0,"comment_status":"closed","ping_status":"closed","sticky":false,"template":"","format":"standard","meta":{"ngg_post_thumbnail":0,"footnotes":""},"categories":[14,13,12,11],"tags":[],"_links":{"self":[{"href":"https:\/\/coueron-st-symphorien.fr\/index.php?rest_route=\/wp\/v2\/posts\/2908"}],"collection":[{"href":"https:\/\/coueron-st-symphorien.fr\/index.php?rest_route=\/wp\/v2\/posts"}],"about":[{"href":"https:\/\/coueron-st-symphorien.fr\/index.php?rest_route=\/wp\/v2\/types\/post"}],"author":[{"embeddable":true,"href":"https:\/\/coueron-st-symphorien.fr\/index.php?rest_route=\/wp\/v2\/users\/4"}],"replies":[{"embeddable":true,"href":"https:\/\/coueron-st-symphorien.fr\/index.php?rest_route=%2Fwp%2Fv2%2Fcomments&post=2908"}],"version-history":[{"count":1,"href":"https:\/\/coueron-st-symphorien.fr\/index.php?rest_route=\/wp\/v2\/posts\/2908\/revisions"}],"predecessor-version":[{"id":2909,"href":"https:\/\/coueron-st-symphorien.fr\/index.php?rest_route=\/wp\/v2\/posts\/2908\/revisions\/2909"}],"wp:attachment":[{"href":"https:\/\/coueron-st-symphorien.fr\/index.php?rest_route=%2Fwp%2Fv2%2Fmedia&parent=2908"}],"wp:term":[{"taxonomy":"category","embeddable":true,"href":"https:\/\/coueron-st-symphorien.fr\/index.php?rest_route=%2Fwp%2Fv2%2Fcategories&post=2908"},{"taxonomy":"post_tag","embeddable":true,"href":"https:\/\/coueron-st-symphorien.fr\/index.php?rest_route=%2Fwp%2Fv2%2Ftags&post=2908"}],"curies":[{"name":"wp","href":"https:\/\/api.w.org\/{rel}","templated":true}]}}