{"id":29072,"date":"2021-06-21T19:12:08","date_gmt":"2021-06-21T18:12:08","guid":{"rendered":"https:\/\/coueron-st-symphorien.fr\/?p=29072"},"modified":"2021-06-21T19:14:01","modified_gmt":"2021-06-21T18:14:01","slug":"29072","status":"publish","type":"post","link":"https:\/\/coueron-st-symphorien.fr\/?p=29072","title":{"rendered":"Classe Voile"},"content":{"rendered":"<p>Ce jeudi 17&nbsp; et vendredi 18 Juin, deux jours Voile \u00e9taient programm\u00e9s.<\/p>\n<p><strong>JOUR 1:<\/strong><\/p>\n<p>Par \u00e9quipage de 3, les enfants ont appris \u00e0 naviguer en optimist.&nbsp;<\/p>\n<p>Une fois \u00e9quip\u00e9s, il a fallu pr\u00e9parer le bateau en installant d\u00e9rive, gouvernail, safran, m\u00e2t, voile&#8230;<\/p>\n<p>Les premiers exercices avaient pour objectif de tenir en \u00e9quilibre et se d\u00e9placer dans le bateau.&nbsp;<\/p>\n<p>Puis, les enfants se sont familiaris\u00e9s avec la barre pendant que les copains pagayaient. Tenir un cap n&rsquo;a pas toujours \u00e9t\u00e9 facile.<\/p>\n<p>Puis est venue l&rsquo;heure de d\u00e9plier la voile drapeau.&nbsp; Il a parfois fallu faire preuve de patience, le vent se faisant d\u00e9sirer.&nbsp;<\/p>\n<p>L&rsquo;apr\u00e8s-midi, les \u00e9quipages ont \u00e9t\u00e9 remorqu\u00e9s jusqu&rsquo;au pont de la Torti\u00e8re \u00e0 Nantes. Restait \u00e0 rentrer au centre par ses propres moyens!<\/p>\n<p><strong>JOUR 2:<\/strong><\/p>\n<p>Les enfants ont hiss\u00e9 la grand-voile. Beaucoup plus confortable \u00e0 manier! Mais plus difficile de manoeuvrer!<\/p>\n<p>Tout le monde s&rsquo;est bien d\u00e9brouill\u00e9. Nous avons m\u00eame pu aller jusqu&rsquo;au pont de l&rsquo;autoroute! Pour rentrer, certains ont r\u00e9ussi \u00e0 tirer des bords pour avancer vent de face.&nbsp;<\/p>\n<p>Et pour finir une petite course! Le suspens \u00e9tait l\u00e0 pour savoir qui franchirait en premier la ligne! Mais comme pour le Vend\u00e9e Globe l&rsquo;essentiel est de participer et finir la course!<\/p>\n<p>Bravo \u00e0 tous et merci \u00e0 Aymeric et Beno\u00eet pour ces 2 belles journ\u00e9es!<\/p>\nngg_shortcode_0_placeholder\n","protected":false},"excerpt":{"rendered":"<p>Ce jeudi 17&nbsp; et vendredi 18 Juin, deux jours Voile \u00e9taient programm\u00e9s. JOUR 1: Par \u00e9quipage de 3, les enfants ont appris \u00e0 naviguer en optimist.&nbsp; Une fois \u00e9quip\u00e9s, il a fallu pr\u00e9parer le bateau en installant d\u00e9rive, gouvernail, safran, m\u00e2t, voile&#8230; Les premiers exercices avaient pour objectif de tenir en \u00e9quilibre et se d\u00e9placer<\/p>\n<p><a href=\"https:\/\/coueron-st-symphorien.fr\/?p=29072\" class=\"more-link themebutton\">Lire la suite<\/a><\/p>\n","protected":false},"author":5,"featured_media":0,"comment_status":"closed","ping_status":"closed","sticky":false,"template":"","format":"standard","meta":{"ngg_post_thumbnail":0,"footnotes":""},"categories":[19],"tags":[],"_links":{"self":[{"href":"https:\/\/coueron-st-symphorien.fr\/index.php?rest_route=\/wp\/v2\/posts\/29072"}],"collection":[{"href":"https:\/\/coueron-st-symphorien.fr\/index.php?rest_route=\/wp\/v2\/posts"}],"about":[{"href":"https:\/\/coueron-st-symphorien.fr\/index.php?rest_route=\/wp\/v2\/types\/post"}],"author":[{"embeddable":true,"href":"https:\/\/coueron-st-symphorien.fr\/index.php?rest_route=\/wp\/v2\/users\/5"}],"replies":[{"embeddable":true,"href":"https:\/\/coueron-st-symphorien.fr\/index.php?rest_route=%2Fwp%2Fv2%2Fcomments&post=29072"}],"version-history":[{"count":4,"href":"https:\/\/coueron-st-symphorien.fr\/index.php?rest_route=\/wp\/v2\/posts\/29072\/revisions"}],"predecessor-version":[{"id":29076,"href":"https:\/\/coueron-st-symphorien.fr\/index.php?rest_route=\/wp\/v2\/posts\/29072\/revisions\/29076"}],"wp:attachment":[{"href":"https:\/\/coueron-st-symphorien.fr\/index.php?rest_route=%2Fwp%2Fv2%2Fmedia&parent=29072"}],"wp:term":[{"taxonomy":"category","embeddable":true,"href":"https:\/\/coueron-st-symphorien.fr\/index.php?rest_route=%2Fwp%2Fv2%2Fcategories&post=29072"},{"taxonomy":"post_tag","embeddable":true,"href":"https:\/\/coueron-st-symphorien.fr\/index.php?rest_route=%2Fwp%2Fv2%2Ftags&post=29072"}],"curies":[{"name":"wp","href":"https:\/\/api.w.org\/{rel}","templated":true}]}}