{"id":28824,"date":"2021-06-15T20:10:55","date_gmt":"2021-06-15T19:10:55","guid":{"rendered":"https:\/\/coueron-st-symphorien.fr\/?p=28824"},"modified":"2021-06-15T20:10:55","modified_gmt":"2021-06-15T19:10:55","slug":"reportage-sur-les-deux-jours-de-voile-des-classes-de-ce1-et-ce1-ce2","status":"publish","type":"post","link":"https:\/\/coueron-st-symphorien.fr\/?p=28824","title":{"rendered":"Reportage sur les deux jours de voile des classes de CE1 et CE1\/CE2"},"content":{"rendered":"<p>Voici le reportage de notre envoy\u00e9 sp\u00e9cial, R\u00e9mi qui a r\u00e9alis\u00e9 ce magnifique travail avec l&rsquo;aide pr\u00e9cieuse de la maman de Manon : un grand merci \u00e0 tous les deux !<\/p>\n<p>Pour voir le diaporama, cliquez sur le lien ci-dessous.<\/p>\n\n","protected":false},"excerpt":{"rendered":"<p>Voici le reportage de notre envoy\u00e9 sp\u00e9cial, R\u00e9mi qui a r\u00e9alis\u00e9 ce magnifique travail avec l&rsquo;aide pr\u00e9cieuse de la maman de Manon : un grand merci \u00e0 tous les deux ! Pour voir le diaporama, cliquez sur le lien ci-dessous.<\/p>\n","protected":false},"author":6,"featured_media":0,"comment_status":"closed","ping_status":"closed","sticky":false,"template":"","format":"standard","meta":{"ngg_post_thumbnail":0,"footnotes":""},"categories":[17,18],"tags":[],"_links":{"self":[{"href":"https:\/\/coueron-st-symphorien.fr\/index.php?rest_route=\/wp\/v2\/posts\/28824"}],"collection":[{"href":"https:\/\/coueron-st-symphorien.fr\/index.php?rest_route=\/wp\/v2\/posts"}],"about":[{"href":"https:\/\/coueron-st-symphorien.fr\/index.php?rest_route=\/wp\/v2\/types\/post"}],"author":[{"embeddable":true,"href":"https:\/\/coueron-st-symphorien.fr\/index.php?rest_route=\/wp\/v2\/users\/6"}],"replies":[{"embeddable":true,"href":"https:\/\/coueron-st-symphorien.fr\/index.php?rest_route=%2Fwp%2Fv2%2Fcomments&post=28824"}],"version-history":[{"count":2,"href":"https:\/\/coueron-st-symphorien.fr\/index.php?rest_route=\/wp\/v2\/posts\/28824\/revisions"}],"predecessor-version":[{"id":28827,"href":"https:\/\/coueron-st-symphorien.fr\/index.php?rest_route=\/wp\/v2\/posts\/28824\/revisions\/28827"}],"wp:attachment":[{"href":"https:\/\/coueron-st-symphorien.fr\/index.php?rest_route=%2Fwp%2Fv2%2Fmedia&parent=28824"}],"wp:term":[{"taxonomy":"category","embeddable":true,"href":"https:\/\/coueron-st-symphorien.fr\/index.php?rest_route=%2Fwp%2Fv2%2Fcategories&post=28824"},{"taxonomy":"post_tag","embeddable":true,"href":"https:\/\/coueron-st-symphorien.fr\/index.php?rest_route=%2Fwp%2Fv2%2Ftags&post=28824"}],"curies":[{"name":"wp","href":"https:\/\/api.w.org\/{rel}","templated":true}]}}