{"id":28615,"date":"2021-06-14T16:42:48","date_gmt":"2021-06-14T15:42:48","guid":{"rendered":"https:\/\/coueron-st-symphorien.fr\/?p=28615"},"modified":"2021-06-14T16:42:48","modified_gmt":"2021-06-14T15:42:48","slug":"premier-jour-de-la-classe-voile","status":"publish","type":"post","link":"https:\/\/coueron-st-symphorien.fr\/?p=28615","title":{"rendered":"Premier jour de la classe voile"},"content":{"rendered":"<div style=\"width: 1170px;\" class=\"wp-video\"><!--[if lt IE 9]><script>document.createElement('video');<\/script><![endif]-->\n<video class=\"wp-video-shortcode\" id=\"video-28615-1\" width=\"1170\" height=\"658\" preload=\"metadata\" controls=\"controls\"><source type=\"video\/mp4\" src=\"https:\/\/coueron-st-symphorien.fr\/wp-content\/uploads\/2021\/06\/VID_20210614_112421.mp4?_=1\" \/><a href=\"https:\/\/coueron-st-symphorien.fr\/wp-content\/uploads\/2021\/06\/VID_20210614_112421.mp4\">https:\/\/coueron-st-symphorien.fr\/wp-content\/uploads\/2021\/06\/VID_20210614_112421.mp4<\/a><\/video><\/div>\n<p>Voici un aper\u00e7u de la premi\u00e8re journ\u00e9e:<\/p>\n<p>ngg_shortcode_0_placeholder<div style=\"width: 1170px;\" class=\"wp-video\"><video class=\"wp-video-shortcode\" id=\"video-28615-2\" width=\"1170\" height=\"658\" preload=\"metadata\" controls=\"controls\"><source type=\"video\/mp4\" src=\"https:\/\/coueron-st-symphorien.fr\/wp-content\/uploads\/2021\/06\/VID_20210614_150605.mp4?_=2\" \/><a href=\"https:\/\/coueron-st-symphorien.fr\/wp-content\/uploads\/2021\/06\/VID_20210614_150605.mp4\">https:\/\/coueron-st-symphorien.fr\/wp-content\/uploads\/2021\/06\/VID_20210614_150605.mp4<\/a><\/video><\/div><\/p>\n<div style=\"width: 1170px;\" class=\"wp-video\"><video class=\"wp-video-shortcode\" id=\"video-28615-3\" width=\"1170\" height=\"658\" preload=\"metadata\" controls=\"controls\"><source type=\"video\/mp4\" src=\"https:\/\/coueron-st-symphorien.fr\/wp-content\/uploads\/2021\/06\/VID_20210614_114856.mp4?_=3\" \/><a href=\"https:\/\/coueron-st-symphorien.fr\/wp-content\/uploads\/2021\/06\/VID_20210614_114856.mp4\">https:\/\/coueron-st-symphorien.fr\/wp-content\/uploads\/2021\/06\/VID_20210614_114856.mp4<\/a><\/video><\/div>\n","protected":false},"excerpt":{"rendered":"<p>Voici un aper\u00e7u de la premi\u00e8re journ\u00e9e:<\/p>\n","protected":false},"author":14,"featured_media":0,"comment_status":"closed","ping_status":"closed","sticky":false,"template":"","format":"standard","meta":{"ngg_post_thumbnail":0,"footnotes":""},"categories":[17,1],"tags":[],"_links":{"self":[{"href":"https:\/\/coueron-st-symphorien.fr\/index.php?rest_route=\/wp\/v2\/posts\/28615"}],"collection":[{"href":"https:\/\/coueron-st-symphorien.fr\/index.php?rest_route=\/wp\/v2\/posts"}],"about":[{"href":"https:\/\/coueron-st-symphorien.fr\/index.php?rest_route=\/wp\/v2\/types\/post"}],"author":[{"embeddable":true,"href":"https:\/\/coueron-st-symphorien.fr\/index.php?rest_route=\/wp\/v2\/users\/14"}],"replies":[{"embeddable":true,"href":"https:\/\/coueron-st-symphorien.fr\/index.php?rest_route=%2Fwp%2Fv2%2Fcomments&post=28615"}],"version-history":[{"count":2,"href":"https:\/\/coueron-st-symphorien.fr\/index.php?rest_route=\/wp\/v2\/posts\/28615\/revisions"}],"predecessor-version":[{"id":28621,"href":"https:\/\/coueron-st-symphorien.fr\/index.php?rest_route=\/wp\/v2\/posts\/28615\/revisions\/28621"}],"wp:attachment":[{"href":"https:\/\/coueron-st-symphorien.fr\/index.php?rest_route=%2Fwp%2Fv2%2Fmedia&parent=28615"}],"wp:term":[{"taxonomy":"category","embeddable":true,"href":"https:\/\/coueron-st-symphorien.fr\/index.php?rest_route=%2Fwp%2Fv2%2Fcategories&post=28615"},{"taxonomy":"post_tag","embeddable":true,"href":"https:\/\/coueron-st-symphorien.fr\/index.php?rest_route=%2Fwp%2Fv2%2Ftags&post=28615"}],"curies":[{"name":"wp","href":"https:\/\/api.w.org\/{rel}","templated":true}]}}