{"id":28272,"date":"2021-04-06T17:27:00","date_gmt":"2021-04-06T16:27:00","guid":{"rendered":"https:\/\/coueron-st-symphorien.fr\/?p=28272"},"modified":"2021-04-07T19:48:12","modified_gmt":"2021-04-07T18:48:12","slug":"2eme-sortie-a-nantes","status":"publish","type":"post","link":"https:\/\/coueron-st-symphorien.fr\/?p=28272","title":{"rendered":"2\u00e8me sortie \u00e0 Nantes"},"content":{"rendered":"<p>Le mardi 30 mars, les classes de CM1-CM2 et de CM2 se sont rendues pour la 2\u00e8me fois \u00e0 Nantes.<\/p>\n<p>Cette fois, notre rallye nous a men\u00e9s sur la place Graslin, le passage Pommeraye, la place royale et l&rsquo;\u00e9glise Saint-Nicolas.<\/p>\n<p>Nous avons observ\u00e9 ces lieux embl\u00e9matiques de la ville et d\u00e9couvert certains de leurs secrets. Les expos\u00e9s r\u00e9alis\u00e9s par les \u00e9l\u00e8ves en classe d&rsquo;ici la fin de l&rsquo;ann\u00e9e scolaire compl\u00e8teront ces visites.<\/p>\n<p>La sortie s&rsquo;est termin\u00e9e pr\u00e8s des Nefs par un pique-nique bien m\u00e9rit\u00e9 et des jeux en plein air sous un soleil radieux.<\/p>\n<p>D&rsquo;autres sorties auront lieu plus tard pour visiter de nouveaux quartiers de Nantes.<\/p>\nngg_shortcode_0_placeholder\n","protected":false},"excerpt":{"rendered":"<p>Le mardi 30 mars, les classes de CM1-CM2 et de CM2 se sont rendues pour la 2\u00e8me fois \u00e0 Nantes. Cette fois, notre rallye nous a men\u00e9s sur la place Graslin, le passage Pommeraye, la place royale et l&rsquo;\u00e9glise Saint-Nicolas. Nous avons observ\u00e9 ces lieux embl\u00e9matiques de la ville et d\u00e9couvert certains de leurs secrets.<\/p>\n<p><a href=\"https:\/\/coueron-st-symphorien.fr\/?p=28272\" class=\"more-link themebutton\">Lire la suite<\/a><\/p>\n","protected":false},"author":7,"featured_media":0,"comment_status":"closed","ping_status":"closed","sticky":false,"template":"","format":"standard","meta":{"ngg_post_thumbnail":0,"footnotes":""},"categories":[21],"tags":[],"_links":{"self":[{"href":"https:\/\/coueron-st-symphorien.fr\/index.php?rest_route=\/wp\/v2\/posts\/28272"}],"collection":[{"href":"https:\/\/coueron-st-symphorien.fr\/index.php?rest_route=\/wp\/v2\/posts"}],"about":[{"href":"https:\/\/coueron-st-symphorien.fr\/index.php?rest_route=\/wp\/v2\/types\/post"}],"author":[{"embeddable":true,"href":"https:\/\/coueron-st-symphorien.fr\/index.php?rest_route=\/wp\/v2\/users\/7"}],"replies":[{"embeddable":true,"href":"https:\/\/coueron-st-symphorien.fr\/index.php?rest_route=%2Fwp%2Fv2%2Fcomments&post=28272"}],"version-history":[{"count":4,"href":"https:\/\/coueron-st-symphorien.fr\/index.php?rest_route=\/wp\/v2\/posts\/28272\/revisions"}],"predecessor-version":[{"id":28283,"href":"https:\/\/coueron-st-symphorien.fr\/index.php?rest_route=\/wp\/v2\/posts\/28272\/revisions\/28283"}],"wp:attachment":[{"href":"https:\/\/coueron-st-symphorien.fr\/index.php?rest_route=%2Fwp%2Fv2%2Fmedia&parent=28272"}],"wp:term":[{"taxonomy":"category","embeddable":true,"href":"https:\/\/coueron-st-symphorien.fr\/index.php?rest_route=%2Fwp%2Fv2%2Fcategories&post=28272"},{"taxonomy":"post_tag","embeddable":true,"href":"https:\/\/coueron-st-symphorien.fr\/index.php?rest_route=%2Fwp%2Fv2%2Ftags&post=28272"}],"curies":[{"name":"wp","href":"https:\/\/api.w.org\/{rel}","templated":true}]}}