{"id":28116,"date":"2021-03-25T17:46:26","date_gmt":"2021-03-25T16:46:26","guid":{"rendered":"https:\/\/coueron-st-symphorien.fr\/?p=28116"},"modified":"2021-03-25T17:46:26","modified_gmt":"2021-03-25T16:46:26","slug":"fete-des-arts-et-de-la-culture","status":"publish","type":"post","link":"https:\/\/coueron-st-symphorien.fr\/?p=28116","title":{"rendered":"FETE DES ARTS ET DE LA CULTURE"},"content":{"rendered":"<p>Mardi 23 mars, une exposition a \u00e9t\u00e9 organis\u00e9e dans la salle polyvalente pour r\u00e9unir tous les travaux en arts visuels r\u00e9alis\u00e9s \u00e0 l&rsquo;\u00e9cole depuis le mois de septembre, de la Petite Section au CM2.<\/p>\n<p>En amont, les \u00e9l\u00e8ves de chaque classe ont r\u00e9fl\u00e9chi \u00e0 deux questions: QU&rsquo;EST CE QUE L&rsquo;ART? QU&rsquo;EST CE QUE LA CULTURE?<\/p>\n<p>Leurs id\u00e9es ont \u00e9t\u00e9 affich\u00e9es dans l&rsquo;\u00e9cole d\u00e8s le lundi matin pour les mettre en app\u00e9tit sur l&rsquo;exposition.<\/p>\n<p>Le jour J, les \u00e9l\u00e8ves ont pu admirer des productions sur l&rsquo;h\u00f4tel \u00e0 insectes de l&rsquo;\u00e9cole, sur les paysages et les monuments de Cou\u00ebron, de Nantes, de Paris, de New-York et sur le Vend\u00e9e Globe.<\/p>\n<p>Chaque classe a propos\u00e9 un titre pour cette belle exposition.<\/p>\n<p>BRAVO A TOUS!!!<\/p>\nngg_shortcode_0_placeholder\n","protected":false},"excerpt":{"rendered":"<p>Mardi 23 mars, une exposition a \u00e9t\u00e9 organis\u00e9e dans la salle polyvalente pour r\u00e9unir tous les travaux en arts visuels r\u00e9alis\u00e9s \u00e0 l&rsquo;\u00e9cole depuis le mois de septembre, de la Petite Section au CM2. En amont, les \u00e9l\u00e8ves de chaque classe ont r\u00e9fl\u00e9chi \u00e0 deux questions: QU&rsquo;EST CE QUE L&rsquo;ART? QU&rsquo;EST CE QUE LA CULTURE?<\/p>\n<p><a href=\"https:\/\/coueron-st-symphorien.fr\/?p=28116\" class=\"more-link themebutton\">Lire la suite<\/a><\/p>\n","protected":false},"author":14,"featured_media":0,"comment_status":"closed","ping_status":"closed","sticky":false,"template":"","format":"standard","meta":{"ngg_post_thumbnail":0,"footnotes":""},"categories":[17,18,19,21,20,22,16,15,5,6,14,13,75,12,11],"tags":[],"_links":{"self":[{"href":"https:\/\/coueron-st-symphorien.fr\/index.php?rest_route=\/wp\/v2\/posts\/28116"}],"collection":[{"href":"https:\/\/coueron-st-symphorien.fr\/index.php?rest_route=\/wp\/v2\/posts"}],"about":[{"href":"https:\/\/coueron-st-symphorien.fr\/index.php?rest_route=\/wp\/v2\/types\/post"}],"author":[{"embeddable":true,"href":"https:\/\/coueron-st-symphorien.fr\/index.php?rest_route=\/wp\/v2\/users\/14"}],"replies":[{"embeddable":true,"href":"https:\/\/coueron-st-symphorien.fr\/index.php?rest_route=%2Fwp%2Fv2%2Fcomments&post=28116"}],"version-history":[{"count":1,"href":"https:\/\/coueron-st-symphorien.fr\/index.php?rest_route=\/wp\/v2\/posts\/28116\/revisions"}],"predecessor-version":[{"id":28117,"href":"https:\/\/coueron-st-symphorien.fr\/index.php?rest_route=\/wp\/v2\/posts\/28116\/revisions\/28117"}],"wp:attachment":[{"href":"https:\/\/coueron-st-symphorien.fr\/index.php?rest_route=%2Fwp%2Fv2%2Fmedia&parent=28116"}],"wp:term":[{"taxonomy":"category","embeddable":true,"href":"https:\/\/coueron-st-symphorien.fr\/index.php?rest_route=%2Fwp%2Fv2%2Fcategories&post=28116"},{"taxonomy":"post_tag","embeddable":true,"href":"https:\/\/coueron-st-symphorien.fr\/index.php?rest_route=%2Fwp%2Fv2%2Ftags&post=28116"}],"curies":[{"name":"wp","href":"https:\/\/api.w.org\/{rel}","templated":true}]}}