{"id":27655,"date":"2020-12-20T14:52:45","date_gmt":"2020-12-20T13:52:45","guid":{"rendered":"https:\/\/coueron-st-symphorien.fr\/?p=27655"},"modified":"2021-02-13T15:04:42","modified_gmt":"2021-02-13T14:04:42","slug":"visio-avec-damien-seguin","status":"publish","type":"post","link":"https:\/\/coueron-st-symphorien.fr\/?p=27655","title":{"rendered":"Visio avec Damien Seguin!"},"content":{"rendered":"<p>Avant les vacances de No\u00ebl, nous avons eu la chance de faire une visioconf\u00e9rence avec Damien Seguin qui \u00e9tait en mer.<\/p>\n<p>Merci \u00e0 lui pour le temps qu&rsquo;il nous a consacr\u00e9!<\/p>\n<p><a href=\"https:\/\/coueron-st-symphorien.fr\/wp-content\/uploads\/2021\/02\/20201218_111605.jpg\"><img loading=\"lazy\" decoding=\"async\" class=\"alignnone wp-image-27656\" src=\"https:\/\/coueron-st-symphorien.fr\/wp-content\/uploads\/2021\/02\/20201218_111605-1024x768.jpg\" alt=\"\" width=\"429\" height=\"321\" srcset=\"https:\/\/coueron-st-symphorien.fr\/wp-content\/uploads\/2021\/02\/20201218_111605-1024x768.jpg 1024w, https:\/\/coueron-st-symphorien.fr\/wp-content\/uploads\/2021\/02\/20201218_111605-300x225.jpg 300w, https:\/\/coueron-st-symphorien.fr\/wp-content\/uploads\/2021\/02\/20201218_111605-768x576.jpg 768w, https:\/\/coueron-st-symphorien.fr\/wp-content\/uploads\/2021\/02\/20201218_111605-1536x1152.jpg 1536w, https:\/\/coueron-st-symphorien.fr\/wp-content\/uploads\/2021\/02\/20201218_111605.jpg 1920w\" sizes=\"(max-width: 429px) 100vw, 429px\" \/><\/a> <a href=\"https:\/\/coueron-st-symphorien.fr\/wp-content\/uploads\/2021\/02\/20201218_111615.jpg\"><img loading=\"lazy\" decoding=\"async\" class=\"alignnone wp-image-27657\" src=\"https:\/\/coueron-st-symphorien.fr\/wp-content\/uploads\/2021\/02\/20201218_111615-1024x768.jpg\" alt=\"\" width=\"430\" height=\"323\" srcset=\"https:\/\/coueron-st-symphorien.fr\/wp-content\/uploads\/2021\/02\/20201218_111615-1024x768.jpg 1024w, https:\/\/coueron-st-symphorien.fr\/wp-content\/uploads\/2021\/02\/20201218_111615-300x225.jpg 300w, https:\/\/coueron-st-symphorien.fr\/wp-content\/uploads\/2021\/02\/20201218_111615-768x576.jpg 768w, https:\/\/coueron-st-symphorien.fr\/wp-content\/uploads\/2021\/02\/20201218_111615-1536x1152.jpg 1536w, https:\/\/coueron-st-symphorien.fr\/wp-content\/uploads\/2021\/02\/20201218_111615.jpg 1920w\" sizes=\"(max-width: 430px) 100vw, 430px\" \/><\/a><\/p>\n<p>&nbsp;<\/p>\n","protected":false},"excerpt":{"rendered":"<p>Avant les vacances de No\u00ebl, nous avons eu la chance de faire une visioconf\u00e9rence avec Damien Seguin qui \u00e9tait en mer. Merci \u00e0 lui pour le temps qu&rsquo;il nous a consacr\u00e9! &nbsp;<\/p>\n","protected":false},"author":5,"featured_media":0,"comment_status":"closed","ping_status":"closed","sticky":false,"template":"","format":"standard","meta":{"ngg_post_thumbnail":0,"footnotes":""},"categories":[19],"tags":[],"_links":{"self":[{"href":"https:\/\/coueron-st-symphorien.fr\/index.php?rest_route=\/wp\/v2\/posts\/27655"}],"collection":[{"href":"https:\/\/coueron-st-symphorien.fr\/index.php?rest_route=\/wp\/v2\/posts"}],"about":[{"href":"https:\/\/coueron-st-symphorien.fr\/index.php?rest_route=\/wp\/v2\/types\/post"}],"author":[{"embeddable":true,"href":"https:\/\/coueron-st-symphorien.fr\/index.php?rest_route=\/wp\/v2\/users\/5"}],"replies":[{"embeddable":true,"href":"https:\/\/coueron-st-symphorien.fr\/index.php?rest_route=%2Fwp%2Fv2%2Fcomments&post=27655"}],"version-history":[{"count":1,"href":"https:\/\/coueron-st-symphorien.fr\/index.php?rest_route=\/wp\/v2\/posts\/27655\/revisions"}],"predecessor-version":[{"id":27658,"href":"https:\/\/coueron-st-symphorien.fr\/index.php?rest_route=\/wp\/v2\/posts\/27655\/revisions\/27658"}],"wp:attachment":[{"href":"https:\/\/coueron-st-symphorien.fr\/index.php?rest_route=%2Fwp%2Fv2%2Fmedia&parent=27655"}],"wp:term":[{"taxonomy":"category","embeddable":true,"href":"https:\/\/coueron-st-symphorien.fr\/index.php?rest_route=%2Fwp%2Fv2%2Fcategories&post=27655"},{"taxonomy":"post_tag","embeddable":true,"href":"https:\/\/coueron-st-symphorien.fr\/index.php?rest_route=%2Fwp%2Fv2%2Ftags&post=27655"}],"curies":[{"name":"wp","href":"https:\/\/api.w.org\/{rel}","templated":true}]}}