{"id":27600,"date":"2021-02-13T14:18:18","date_gmt":"2021-02-13T13:18:18","guid":{"rendered":"https:\/\/coueron-st-symphorien.fr\/?p=27600"},"modified":"2021-02-13T14:56:48","modified_gmt":"2021-02-13T13:56:48","slug":"concours-dessinez-votre-vendee-globe","status":"publish","type":"post","link":"https:\/\/coueron-st-symphorien.fr\/?p=27600","title":{"rendered":"Concours \u00ab\u00a0Dessinez votre Vend\u00e9e Globe\u00a0\u00bb"},"content":{"rendered":"<p>En d\u00e9cembre, nous avons particip\u00e9 \u00e0 un concours de dessin organis\u00e9 par le sponsor de Clarisse Cr\u00e9mer.<\/p>\n<p>Voici notre oeuvre collective:<\/p>\n<p><a href=\"https:\/\/coueron-st-symphorien.fr\/wp-content\/uploads\/2021\/02\/20201214_164917-2.jpg\"><img loading=\"lazy\" decoding=\"async\" class=\"wp-image-27660 aligncenter\" src=\"https:\/\/coueron-st-symphorien.fr\/wp-content\/uploads\/2021\/02\/20201214_164917-2-1024x708.jpg\" alt=\"\" width=\"832\" height=\"575\" srcset=\"https:\/\/coueron-st-symphorien.fr\/wp-content\/uploads\/2021\/02\/20201214_164917-2-1024x708.jpg 1024w, https:\/\/coueron-st-symphorien.fr\/wp-content\/uploads\/2021\/02\/20201214_164917-2-300x208.jpg 300w, https:\/\/coueron-st-symphorien.fr\/wp-content\/uploads\/2021\/02\/20201214_164917-2-768x531.jpg 768w, https:\/\/coueron-st-symphorien.fr\/wp-content\/uploads\/2021\/02\/20201214_164917-2-1536x1062.jpg 1536w, https:\/\/coueron-st-symphorien.fr\/wp-content\/uploads\/2021\/02\/20201214_164917-2.jpg 1920w\" sizes=\"(max-width: 832px) 100vw, 832px\" \/><\/a><\/p>\n<p style=\"text-align: center;\">Fin janvier, Aur\u00e9lie a re\u00e7u un mail nous annon\u00e7ant que nous n&rsquo;avions pas gagn\u00e9&#8230;<\/p>\n<p>&nbsp;<\/p>\n<p style=\"font-weight: 400; padding-left: 160px; text-align: justify;\"><em>Madame, Monsieur,<\/em><\/p>\n<p style=\"font-weight: 400; padding-left: 160px; text-align: justify;\"><em>C\u2019est avec \u00e9merveillement que nous avons pu d\u00e9couvrir la fresque<strong>&nbsp;<\/strong>de votre classe<strong>&nbsp;<\/strong>r\u00e9alis\u00e9e dans le cadre de l\u2019op\u00e9ration p\u00e9dagogique&nbsp;<strong>\u00ab Dessinez votre Vend\u00e9e Globe \u00bb<\/strong>&nbsp;du Kit \u00e9cole BPGO.<\/em><\/p>\n<p style=\"font-weight: 400; padding-left: 160px; text-align: justify;\"><em><strong>&nbsp;<\/strong>Nous tenions aujourd\u2019hui \u00e0 vous r\u00e9it\u00e9rer nos remerciements pour l\u2019\u0153uvre collective de vos \u00e9l\u00e8ves m\u00ealant Originalit\u00e9, Cr\u00e9ativit\u00e9, Audace, mais aussi \u00e0&nbsp;vous remercier \u00e0 titre personnel pour votre engagement et pour l\u2019enthousiasme port\u00e9 au projet. Sinc\u00e8rement MERCI&nbsp;!<\/em><\/p>\n<p style=\"font-weight: 400; padding-left: 160px; text-align: justify;\"><em>Le jury a \u00e9t\u00e9 tr\u00e8s touch\u00e9 par l\u2019imagination collective de votre classe et la passion ressentie autour du d\u00e9fi de Clarisse.<\/em><\/p>\n<p style=\"font-weight: 400; padding-left: 160px; text-align: justify;\"><em>Les 105 r\u00e9alisations ont toutes \u00e9t\u00e9 salu\u00e9es par le jury qui a unanimement jug\u00e9 le niveau tr\u00e8s haut&nbsp;!<\/em><\/p>\n<p style=\"font-weight: 400; padding-left: 160px; text-align: justify;\"><em>Malheureusement, comme \u00e0 l\u2019arriv\u00e9e de l\u2019Everest des Mers, il n\u2019y a eu qu\u2019un gagnant \u2026<\/em><\/p>\n<p style=\"font-weight: 400; padding-left: 160px; text-align: justify;\"><em><strong>A l\u2019issue du vote final<\/strong>&nbsp;ouvert \u00e0 l\u2019ensemble des collaborateurs BPGO qui s\u2019est tenu du 19 au 26 janvier sur notre r\u00e9seau social interne,&nbsp;<strong>c\u2019est la classe de CM2A de l\u2019\u00e9cole Paul Langevin de&nbsp;Lanester<\/strong>&nbsp;qui a recueilli le plus de voix&nbsp;et qui aura la chance d\u2019\u00e9changer avec Clarisse&nbsp;sur son merveilleux parcours lors de ce Vend\u00e9e Globe 2020 <a href=\"https:\/\/coueron-st-symphorien.fr\/wp-content\/uploads\/2021\/02\/Classe-gagnante-Paul-langevin-lanester-VG.png\"><img loading=\"lazy\" decoding=\"async\" class=\"wp-image-27602 aligncenter\" src=\"https:\/\/coueron-st-symphorien.fr\/wp-content\/uploads\/2021\/02\/Classe-gagnante-Paul-langevin-lanester-VG.png\" alt=\"\" width=\"389\" height=\"231\" srcset=\"https:\/\/coueron-st-symphorien.fr\/wp-content\/uploads\/2021\/02\/Classe-gagnante-Paul-langevin-lanester-VG.png 799w, https:\/\/coueron-st-symphorien.fr\/wp-content\/uploads\/2021\/02\/Classe-gagnante-Paul-langevin-lanester-VG-300x178.png 300w, https:\/\/coueron-st-symphorien.fr\/wp-content\/uploads\/2021\/02\/Classe-gagnante-Paul-langevin-lanester-VG-768x456.png 768w\" sizes=\"(max-width: 389px) 100vw, 389px\" \/><\/a><\/em><\/p>\n<p style=\"font-weight: 400; padding-left: 160px; text-align: justify;\"><em>Nous vous souhaitons \u00e0 nouveau de belles r\u00e9alisations p\u00e9dagogiques et collectives avec votre classe pour cette ann\u00e9e, sans oublier bien s\u00fbr de toutes et tous les remercier en notre nom de leur beau travail&nbsp;!<\/em><\/p>\n<p style=\"font-weight: 400; padding-left: 160px; text-align: justify;\"><em>Bien cordialement<\/em><\/p>\n<p style=\"font-weight: 400; padding-left: 160px; text-align: justify;\"><em>Le Service Communication<\/em><\/p>\n<p style=\"font-weight: 400; padding-left: 160px; text-align: justify;\">&nbsp;<\/p>\n","protected":false},"excerpt":{"rendered":"<p>En d\u00e9cembre, nous avons particip\u00e9 \u00e0 un concours de dessin organis\u00e9 par le sponsor de Clarisse Cr\u00e9mer. Voici notre oeuvre collective: Fin janvier, Aur\u00e9lie a re\u00e7u un mail nous annon\u00e7ant que nous n&rsquo;avions pas gagn\u00e9&#8230; &nbsp; Madame, Monsieur, C\u2019est avec \u00e9merveillement que nous avons pu d\u00e9couvrir la fresque&nbsp;de votre classe&nbsp;r\u00e9alis\u00e9e dans le cadre de l\u2019op\u00e9ration<\/p>\n<p><a href=\"https:\/\/coueron-st-symphorien.fr\/?p=27600\" class=\"more-link themebutton\">Lire la suite<\/a><\/p>\n","protected":false},"author":5,"featured_media":0,"comment_status":"closed","ping_status":"closed","sticky":false,"template":"","format":"standard","meta":{"ngg_post_thumbnail":0,"footnotes":""},"categories":[19],"tags":[],"_links":{"self":[{"href":"https:\/\/coueron-st-symphorien.fr\/index.php?rest_route=\/wp\/v2\/posts\/27600"}],"collection":[{"href":"https:\/\/coueron-st-symphorien.fr\/index.php?rest_route=\/wp\/v2\/posts"}],"about":[{"href":"https:\/\/coueron-st-symphorien.fr\/index.php?rest_route=\/wp\/v2\/types\/post"}],"author":[{"embeddable":true,"href":"https:\/\/coueron-st-symphorien.fr\/index.php?rest_route=\/wp\/v2\/users\/5"}],"replies":[{"embeddable":true,"href":"https:\/\/coueron-st-symphorien.fr\/index.php?rest_route=%2Fwp%2Fv2%2Fcomments&post=27600"}],"version-history":[{"count":3,"href":"https:\/\/coueron-st-symphorien.fr\/index.php?rest_route=\/wp\/v2\/posts\/27600\/revisions"}],"predecessor-version":[{"id":27661,"href":"https:\/\/coueron-st-symphorien.fr\/index.php?rest_route=\/wp\/v2\/posts\/27600\/revisions\/27661"}],"wp:attachment":[{"href":"https:\/\/coueron-st-symphorien.fr\/index.php?rest_route=%2Fwp%2Fv2%2Fmedia&parent=27600"}],"wp:term":[{"taxonomy":"category","embeddable":true,"href":"https:\/\/coueron-st-symphorien.fr\/index.php?rest_route=%2Fwp%2Fv2%2Fcategories&post=27600"},{"taxonomy":"post_tag","embeddable":true,"href":"https:\/\/coueron-st-symphorien.fr\/index.php?rest_route=%2Fwp%2Fv2%2Ftags&post=27600"}],"curies":[{"name":"wp","href":"https:\/\/api.w.org\/{rel}","templated":true}]}}