{"id":27553,"date":"2021-02-10T20:25:54","date_gmt":"2021-02-10T19:25:54","guid":{"rendered":"https:\/\/coueron-st-symphorien.fr\/?p=27553"},"modified":"2021-02-10T20:38:37","modified_gmt":"2021-02-10T19:38:37","slug":"une-chorale-pour-samantha-davies","status":"publish","type":"post","link":"https:\/\/coueron-st-symphorien.fr\/?p=27553","title":{"rendered":"Une chorale pour Samantha Davies !"},"content":{"rendered":"<p>La Team initiative-coeur a propos\u00e9 aux classes le souhaitant, de participer \u00e0 un projet chorale pour c\u00e9l\u00e9brer l&rsquo;arriv\u00e9e de Samantha Davies.<br \/>\nLes voix de tous les \u00e9l\u00e8ves l&rsquo;ayant suivi pendant ce Vend\u00e9e Globe seront compil\u00e9es pour former un clip vid\u00e9o sur la chanson \u00ab\u00a0au coeur de l&rsquo;oc\u00e9an\u00a0\u00bb.<br \/>\nAvec joie, mais aussi avec un peu de timidit\u00e9, les \u00e9l\u00e8ves de CE1-CE2 et CM1 se sont pr\u00eat\u00e9s au jeu.<br \/>\nNous avons enregistr\u00e9 leurs voix vendredi dernier.<\/p>\n<p>Ce clip sera projet\u00e9 \u00e0 l&rsquo;arriv\u00e9e de Sam aux Sables d&rsquo;Olonne pr\u00e9vue dans une quinzaine de jours. Nous esp\u00e9rons bien en faire partie !!!<\/p>\n<p>&nbsp;<\/p>\n<p>Classe de CE1-CE2 :<\/p>\n<p><iframe loading=\"lazy\" src=\"https:\/\/www.youtube.com\/embed\/L13DGznH2bo\" width=\"560\" height=\"315\" frameborder=\"0\" allowfullscreen=\"allowfullscreen\"><\/iframe><\/p>\n<p>Classe de CE2 :<\/p>\n<p><iframe loading=\"lazy\" src=\"https:\/\/www.youtube.com\/embed\/ByrwSrxanTg\" width=\"560\" height=\"315\" frameborder=\"0\" allowfullscreen=\"allowfullscreen\"><\/iframe><\/p>\n<p>Classe de CM1 :<\/p>\n<p><iframe loading=\"lazy\" src=\"https:\/\/www.youtube.com\/embed\/7i4Q9qyRnRY\" width=\"560\" height=\"315\" frameborder=\"0\" allowfullscreen=\"allowfullscreen\"><\/iframe><\/p>\n","protected":false},"excerpt":{"rendered":"<p>La Team initiative-coeur a propos\u00e9 aux classes le souhaitant, de participer \u00e0 un projet chorale pour c\u00e9l\u00e9brer l&rsquo;arriv\u00e9e de Samantha Davies. Les voix de tous les \u00e9l\u00e8ves l&rsquo;ayant suivi pendant ce Vend\u00e9e Globe seront compil\u00e9es pour former un clip vid\u00e9o sur la chanson \u00ab\u00a0au coeur de l&rsquo;oc\u00e9an\u00a0\u00bb. Avec joie, mais aussi avec un peu de<\/p>\n<p><a href=\"https:\/\/coueron-st-symphorien.fr\/?p=27553\" class=\"more-link themebutton\">Lire la suite<\/a><\/p>\n","protected":false},"author":3,"featured_media":0,"comment_status":"closed","ping_status":"closed","sticky":false,"template":"","format":"standard","meta":{"ngg_post_thumbnail":0,"footnotes":""},"categories":[18,19,20],"tags":[],"_links":{"self":[{"href":"https:\/\/coueron-st-symphorien.fr\/index.php?rest_route=\/wp\/v2\/posts\/27553"}],"collection":[{"href":"https:\/\/coueron-st-symphorien.fr\/index.php?rest_route=\/wp\/v2\/posts"}],"about":[{"href":"https:\/\/coueron-st-symphorien.fr\/index.php?rest_route=\/wp\/v2\/types\/post"}],"author":[{"embeddable":true,"href":"https:\/\/coueron-st-symphorien.fr\/index.php?rest_route=\/wp\/v2\/users\/3"}],"replies":[{"embeddable":true,"href":"https:\/\/coueron-st-symphorien.fr\/index.php?rest_route=%2Fwp%2Fv2%2Fcomments&post=27553"}],"version-history":[{"count":5,"href":"https:\/\/coueron-st-symphorien.fr\/index.php?rest_route=\/wp\/v2\/posts\/27553\/revisions"}],"predecessor-version":[{"id":27558,"href":"https:\/\/coueron-st-symphorien.fr\/index.php?rest_route=\/wp\/v2\/posts\/27553\/revisions\/27558"}],"wp:attachment":[{"href":"https:\/\/coueron-st-symphorien.fr\/index.php?rest_route=%2Fwp%2Fv2%2Fmedia&parent=27553"}],"wp:term":[{"taxonomy":"category","embeddable":true,"href":"https:\/\/coueron-st-symphorien.fr\/index.php?rest_route=%2Fwp%2Fv2%2Fcategories&post=27553"},{"taxonomy":"post_tag","embeddable":true,"href":"https:\/\/coueron-st-symphorien.fr\/index.php?rest_route=%2Fwp%2Fv2%2Ftags&post=27553"}],"curies":[{"name":"wp","href":"https:\/\/api.w.org\/{rel}","templated":true}]}}