{"id":26472,"date":"2020-11-21T10:30:20","date_gmt":"2020-11-21T09:30:20","guid":{"rendered":"https:\/\/coueron-st-symphorien.fr\/?p=26472"},"modified":"2020-11-21T10:30:20","modified_gmt":"2020-11-21T09:30:20","slug":"ecrire-une-histoire-a-la-maniere-de","status":"publish","type":"post","link":"https:\/\/coueron-st-symphorien.fr\/?p=26472","title":{"rendered":"Ecrire une histoire \u00e0 la mani\u00e8re de&#8230;"},"content":{"rendered":"<p style=\"text-align: center\">Au cours de la Semaine du go\u00fbt, nous avons \u00e9tudi\u00e9 le c\u00e9l\u00e8bre album d&rsquo;Eric Carle intitul\u00e9 <em>La chenille qui fait des trous.<\/em> Les \u00e9l\u00e8ves ont revisit\u00e9 cette histoire avec l&rsquo;ensemble des fruits et l\u00e9gumes qu&rsquo;ils avaient rapport\u00e9s de la maison. Au retour des vacances, nous avons pris le temps de construire et d&rsquo;illustrer les albums. Vendredi dernier, apr\u00e8s deux semaines d&rsquo;attente interminable (et d&rsquo;entrainement), chacun a pu rapporter son petit livre \u00e0 la maison pour raconter l&rsquo;histoire \u00e0 ses proches!<\/p>\n<p style=\"text-align: center\">Bonne lecture !!!<\/p>\nngg_shortcode_0_placeholder\n","protected":false},"excerpt":{"rendered":"<p>Au cours de la Semaine du go\u00fbt, nous avons \u00e9tudi\u00e9 le c\u00e9l\u00e8bre album d&rsquo;Eric Carle intitul\u00e9 La chenille qui fait des trous. Les \u00e9l\u00e8ves ont revisit\u00e9 cette histoire avec l&rsquo;ensemble des fruits et l\u00e9gumes qu&rsquo;ils avaient rapport\u00e9s de la maison. Au retour des vacances, nous avons pris le temps de construire et d&rsquo;illustrer les albums.<\/p>\n<p><a href=\"https:\/\/coueron-st-symphorien.fr\/?p=26472\" class=\"more-link themebutton\">Lire la suite<\/a><\/p>\n","protected":false},"author":19,"featured_media":0,"comment_status":"closed","ping_status":"closed","sticky":false,"template":"","format":"standard","meta":{"ngg_post_thumbnail":0,"footnotes":""},"categories":[75],"tags":[],"_links":{"self":[{"href":"https:\/\/coueron-st-symphorien.fr\/index.php?rest_route=\/wp\/v2\/posts\/26472"}],"collection":[{"href":"https:\/\/coueron-st-symphorien.fr\/index.php?rest_route=\/wp\/v2\/posts"}],"about":[{"href":"https:\/\/coueron-st-symphorien.fr\/index.php?rest_route=\/wp\/v2\/types\/post"}],"author":[{"embeddable":true,"href":"https:\/\/coueron-st-symphorien.fr\/index.php?rest_route=\/wp\/v2\/users\/19"}],"replies":[{"embeddable":true,"href":"https:\/\/coueron-st-symphorien.fr\/index.php?rest_route=%2Fwp%2Fv2%2Fcomments&post=26472"}],"version-history":[{"count":1,"href":"https:\/\/coueron-st-symphorien.fr\/index.php?rest_route=\/wp\/v2\/posts\/26472\/revisions"}],"predecessor-version":[{"id":26473,"href":"https:\/\/coueron-st-symphorien.fr\/index.php?rest_route=\/wp\/v2\/posts\/26472\/revisions\/26473"}],"wp:attachment":[{"href":"https:\/\/coueron-st-symphorien.fr\/index.php?rest_route=%2Fwp%2Fv2%2Fmedia&parent=26472"}],"wp:term":[{"taxonomy":"category","embeddable":true,"href":"https:\/\/coueron-st-symphorien.fr\/index.php?rest_route=%2Fwp%2Fv2%2Fcategories&post=26472"},{"taxonomy":"post_tag","embeddable":true,"href":"https:\/\/coueron-st-symphorien.fr\/index.php?rest_route=%2Fwp%2Fv2%2Ftags&post=26472"}],"curies":[{"name":"wp","href":"https:\/\/api.w.org\/{rel}","templated":true}]}}