{"id":26360,"date":"2020-11-16T12:10:21","date_gmt":"2020-11-16T11:10:21","guid":{"rendered":"https:\/\/coueron-st-symphorien.fr\/?p=26360"},"modified":"2020-11-16T11:55:11","modified_gmt":"2020-11-16T10:55:11","slug":"notre-projet-vendee-globe-cest-parti","status":"publish","type":"post","link":"https:\/\/coueron-st-symphorien.fr\/?p=26360","title":{"rendered":"Notre projet Vend\u00e9e Globe : c&rsquo;est parti !!!"},"content":{"rendered":"<p>Avant les vacances de la Toussaint, nous avons d\u00e9couvert notre projet gr\u00e2ce \u00e0 une chasse aux indices que nous avons fait dans la cour. De retour en classe nous avons r\u00e9uni tous les indices et nous avons d\u00e9couvert que nous allions suivre la course du Vend\u00e9e Globe.<\/p>\n<p>ngg_shortcode_0_placeholderPendant les vacances, certains \u00e9l\u00e8ves ont eu la chance d&rsquo;aller visiter le village du Vend\u00e9e Globe aux Sables d&rsquo;Olonne, certains ont rencontr\u00e9 des skippers et m\u00eame visit\u00e9 l&rsquo;int\u00e9rieur d&rsquo;un bateau ! Ils nous ont ramen\u00e9 des posters.<\/p>\n<p>ngg_shortcode_1_placeholderLe mardi 3 novembre nous avons eu la chance d&rsquo;\u00eatre en visio avec un skipper : S\u00e9bastien Simon. Nous lui avons pos\u00e9 plusieurs questions que nous avions pr\u00e9par\u00e9 en classe. Nous esp\u00e9rons qu&rsquo;il pourra venir nous voir apr\u00e8s la course.<\/p>\n<p>Nous avons aussi suivi une visio avec Clarisse Cremer.<\/p>\n<p>Le d\u00e9part de la course a \u00e9t\u00e9 donn\u00e9 le dimanche 8 novembre. Depuis nous vivons la course et le projet \u00e0 fond !!<\/p>\n<p>Les \u00e9l\u00e8ves suivent l&rsquo;avanc\u00e9e des skippers en d\u00e9pla\u00e7ant leur bateau sur un grand planisph\u00e8re. Les enfants sont r\u00e9partis en 9 \u00e9quipages et suivent chacun 3 ou 4 skippers. Ils \u00e9crivent un journal de bord, d\u00e9couvrent plein d&rsquo;informations sur la course \u00e0 travers des lectures quotidiennes.<\/p>\n<p>Nous avons aussi cr\u00e9\u00e9 notre propre bateau sur Virtual Regatta : le \u00ab\u00a0symphocecm\u00a0\u00bb. Nous le dirigeons en classe, et certains \u00e9l\u00e8ves prennent le relais le soir \u00e0 la maison et le weekend.<\/p>\nngg_shortcode_2_placeholder\n","protected":false},"excerpt":{"rendered":"<p>Avant les vacances de la Toussaint, nous avons d\u00e9couvert notre projet gr\u00e2ce \u00e0 une chasse aux indices que nous avons fait dans la cour. De retour en classe nous avons r\u00e9uni tous les indices et nous avons d\u00e9couvert que nous allions suivre la course du Vend\u00e9e Globe. Pendant les vacances, certains \u00e9l\u00e8ves ont eu la<\/p>\n<p><a href=\"https:\/\/coueron-st-symphorien.fr\/?p=26360\" class=\"more-link themebutton\">Lire la suite<\/a><\/p>\n","protected":false},"author":6,"featured_media":0,"comment_status":"closed","ping_status":"closed","sticky":false,"template":"","format":"standard","meta":{"ngg_post_thumbnail":0,"footnotes":""},"categories":[18],"tags":[],"_links":{"self":[{"href":"https:\/\/coueron-st-symphorien.fr\/index.php?rest_route=\/wp\/v2\/posts\/26360"}],"collection":[{"href":"https:\/\/coueron-st-symphorien.fr\/index.php?rest_route=\/wp\/v2\/posts"}],"about":[{"href":"https:\/\/coueron-st-symphorien.fr\/index.php?rest_route=\/wp\/v2\/types\/post"}],"author":[{"embeddable":true,"href":"https:\/\/coueron-st-symphorien.fr\/index.php?rest_route=\/wp\/v2\/users\/6"}],"replies":[{"embeddable":true,"href":"https:\/\/coueron-st-symphorien.fr\/index.php?rest_route=%2Fwp%2Fv2%2Fcomments&post=26360"}],"version-history":[{"count":6,"href":"https:\/\/coueron-st-symphorien.fr\/index.php?rest_route=\/wp\/v2\/posts\/26360\/revisions"}],"predecessor-version":[{"id":26385,"href":"https:\/\/coueron-st-symphorien.fr\/index.php?rest_route=\/wp\/v2\/posts\/26360\/revisions\/26385"}],"wp:attachment":[{"href":"https:\/\/coueron-st-symphorien.fr\/index.php?rest_route=%2Fwp%2Fv2%2Fmedia&parent=26360"}],"wp:term":[{"taxonomy":"category","embeddable":true,"href":"https:\/\/coueron-st-symphorien.fr\/index.php?rest_route=%2Fwp%2Fv2%2Fcategories&post=26360"},{"taxonomy":"post_tag","embeddable":true,"href":"https:\/\/coueron-st-symphorien.fr\/index.php?rest_route=%2Fwp%2Fv2%2Ftags&post=26360"}],"curies":[{"name":"wp","href":"https:\/\/api.w.org\/{rel}","templated":true}]}}